{"id":117454,"date":"2022-08-10T10:07:51","date_gmt":"2022-08-10T08:07:51","guid":{"rendered":"https:\/\/www.messinaoggi.it\/website\/2022\/08\/10\/mancini-milan-inter-e-juve-in-prima-fila-poi-roma-e-napoli\/"},"modified":"2022-08-10T10:27:46","modified_gmt":"2022-08-10T08:27:46","slug":"mancini-milan-inter-e-juve-in-prima-fila-poi-roma-e-napoli","status":"publish","type":"post","link":"https:\/\/www.messinaoggi.it\/website\/2022\/08\/10\/mancini-milan-inter-e-juve-in-prima-fila-poi-roma-e-napoli\/","title":{"rendered":"Mancini \u201cMilan, Inter e Juve in prima fila, poi Roma e Napoli\u201d"},"content":{"rendered":"<div>ROMA (ITALPRESS) &#8211; &#8220;Milan, Inter e Juve davanti a tutti. Poi vedo Roma e Napoli&#8221;. Questa la griglia di partenza della Serie A secondo Roberto Mancini. Il commissario tecnico della nazionale traccia una fotografia del campionato al via nel weekend, partendo dal Milan campione d&#8217;Italia. &#8220;Credo che l&#8217;entusiasmo dei giovani possa durare, Pioli ha dato alla squadra un gioco sicuro &#8211; sottolinea Mancini a &#8216;La Gazzetta dello Sport&#8217; &#8211; L&#8217;estate ha trasmesso segnali confortanti, ma il calcio vero deve ancora cominciare. Leao? La sua vera forza sono i margini di miglioramento. Pu\u00f2 crescere ancora molto e sta gi\u00e0 facendo tanto. Cos\u00ec come pu\u00f2 crescere Tonali. Per entrambi dovr\u00e0 essere la stagione della maturit\u00e0 definitiva. De Ketelaere? Ha qualit\u00e0 importanti, atletiche e tecniche. E&#8217; giovane e serve prudenza, ma non gli manca nulla per diventare un crac&#8221;. Il ct dell&#8217;Italia si sofferma anche sull&#8217;Inter, partendo dalle difficolt\u00e0 difensive. &#8220;I 3 punti porteranno altra concentrazione, i difensori sono gli stessi e sono sempre stati affidabili. Bastoni pu\u00f2 diventare un grandissimo difensore, ma deve darci dentro. Anche per lui questa \u00e8 una stagione importante. Il punto \u00e8 un altro: Lukaku in Italia fa la differenza. La partenza di Perisic? E&#8217; un giocatore straordinario, ma se Gosens fa Gosens, l&#8217;Inter non perde molto. E&#8217; arrivata a due punti dal Milan, non a 20. E ha un Lukaku in pi\u00f9&#8221;.<br \/>Mancini analizza poi il momento della Juventus: &#8220;L&#8217;infortunio di Pogba ha tolto tanto al progetto e tanto gli restituir\u00e0. Per me la Juve era gi\u00e0 forte lo scorso anno. Di Maria ha classe e qualit\u00e0 per fare ancora la differenza. Io la Juve la metto sempre tra le favorite. Chiesa? Va aspettato senza fretta. A dicembre o a gennaio, immagino. E poi la Juve diventer\u00e0 un&#8217;altra cosa&#8221;. Subito dietro, il ct della nazionale mette Roma e Napoli &#8220;sullo stesso piano. In fondo si assomigliano &#8211; osserva Mancini &#8211; per lo spirito offensivo, per un progetto tecnico rifinito negli anni. Il Napoli ha perso Koulibaly e non \u00e8 poco, ma ha preso giocatori interessanti. Arrivasse Raspadori sarei contento, perch\u00e8 giocherebbe in Champions e crescerebbe in una squadra con ambizioni superiori. In un gioco cos\u00ec veloce e verticale si troverebbe bene. Per la Roma Dybala \u00e8 un grande acquisto, tecnico e non solo emozionale. A me questa squadra piace molto, perch\u00e8 votata al gioco e ha comprato giocatori in grado di sostenerlo, come Matic e Wijnaldum, che portano forza ed equilibri. E poi Mourinho \u00e8 l&#8217;allenatore ideale per domare il rischio. Ha esperienza da vendere. E in questa squadra mi auguro che Zaniolo continui a migliorare&#8221;.<br \/>In ottica nazionale, Mancini ha le idee chiare e richieste precise al campionato. &#8220;Spero che Ciro Immobile continui a segnare tanti gol; che Pinamonti, se va al Sassuolo come leggo, possa disputare un ottimo campionato; che i giovani, come Fagioli, possano trovare spazio per crescere in esperienza e in personalit\u00e0; che gli allenatori cerchino un gioco coraggioso e divertente; che la gente possa appassionarsi e trovare nel calcio uno svago in un momento socialmente non facile; che gli arbitri possano svolgere serenamente il loro mestiere; e che gli stadi siano sempre luoghi di rispetto e di sportivit\u00e0&#8221;, conclude il ct della nazionale.<br \/>&#8211; foto LivePhotoSport &#8211;<br \/>(ITALPRESS).<\/div>\n<div id=\"div-gpt-ad-Messinaoggi.it-DSK-300x250-corpoart\" style=\"text-align:center;margin:0 auto;\"><\/div><\/p><div id=\"videoincontent\" style=\"clear:both\";><\/div>","protected":false},"excerpt":{"rendered":"<p>ROMA (ITALPRESS) &#8211; &#8220;Milan, Inter e Juve davanti a tutti. Poi vedo Roma e Napoli&#8221;. Questa la griglia di partenza della Serie A secondo Roberto Mancini. Il commissario tecnico della nazionale traccia una fotografia del campionato al via nel weekend, partendo dal Milan campione d&#8217;Italia. &#8220;Credo che l&#8217;entusiasmo dei giovani possa durare, Pioli ha dato [&hellip;]<\/p>\n","protected":false},"author":18,"featured_media":117455,"comment_status":"closed","ping_status":"closed","sticky":false,"template":"","format":"standard","meta":{"ub_ctt_via":"","_mi_skip_tracking":false},"categories":[10,446,9],"tags":[783],"featured_image_src":"https:\/\/www.messinaoggi.it\/website\/wp-content\/uploads\/2022\/08\/20220810_0122.jpg","author_info":{"display_name":"Admin","author_link":"https:\/\/www.messinaoggi.it\/website\/author\/admin\/"},"digistream_id":0,"digistream":false,"_links":{"self":[{"href":"https:\/\/www.messinaoggi.it\/website\/wp-json\/wp\/v2\/posts\/117454"}],"collection":[{"href":"https:\/\/www.messinaoggi.it\/website\/wp-json\/wp\/v2\/posts"}],"about":[{"href":"https:\/\/www.messinaoggi.it\/website\/wp-json\/wp\/v2\/types\/post"}],"author":[{"embeddable":true,"href":"https:\/\/www.messinaoggi.it\/website\/wp-json\/wp\/v2\/users\/18"}],"replies":[{"embeddable":true,"href":"https:\/\/www.messinaoggi.it\/website\/wp-json\/wp\/v2\/comments?post=117454"}],"version-history":[{"count":1,"href":"https:\/\/www.messinaoggi.it\/website\/wp-json\/wp\/v2\/posts\/117454\/revisions"}],"predecessor-version":[{"id":117460,"href":"https:\/\/www.messinaoggi.it\/website\/wp-json\/wp\/v2\/posts\/117454\/revisions\/117460"}],"wp:featuredmedia":[{"embeddable":true,"href":"https:\/\/www.messinaoggi.it\/website\/wp-json\/wp\/v2\/media\/117455"}],"wp:attachment":[{"href":"https:\/\/www.messinaoggi.it\/website\/wp-json\/wp\/v2\/media?parent=117454"}],"wp:term":[{"taxonomy":"category","embeddable":true,"href":"https:\/\/www.messinaoggi.it\/website\/wp-json\/wp\/v2\/categories?post=117454"},{"taxonomy":"post_tag","embeddable":true,"href":"https:\/\/www.messinaoggi.it\/website\/wp-json\/wp\/v2\/tags?post=117454"}],"curies":[{"name":"wp","href":"https:\/\/api.w.org\/{rel}","templated":true}]}}