{"id":11745,"date":"2017-11-21T15:54:35","date_gmt":"2017-11-21T14:54:35","guid":{"rendered":"http:\/\/www.messinaoggi.it\/website\/?p=11745"},"modified":"2017-11-21T15:54:35","modified_gmt":"2017-11-21T14:54:35","slug":"ineleggibilita-sindoni-consigliera-decaduta-il-mio-legale-impugnera-pronunzia-dappello-sospinto-dalla-mia-tempra","status":"publish","type":"post","link":"https:\/\/www.messinaoggi.it\/website\/2017\/11\/21\/ineleggibilita-sindoni-consigliera-decaduta-il-mio-legale-impugnera-pronunzia-dappello-sospinto-dalla-mia-tempra\/","title":{"rendered":"Ineleggibilit\u00e0 Sindoni, consigliera decaduta: il mio legale impugner\u00e0 pronunzia d\u2019Appello sospinto dalla mia tempra"},"content":{"rendered":"<p style=\"text-align: justify\">\u201cLa mia serenit\u00e0, la mia coscienza, la mia tempra mi hanno suggerito di dare mandato al legale di fiducia, l\u2019avvocato Antonio Catalioto, per impugnare la pronunzia di appello che ha sentenziato la mia ineleggibilit\u00e0. Non sono pi\u00f9 in Consiglio Comunale perch\u00e9 la mia posizione in seno al laboratorio d&#8217;analisi (attivit\u00e0 medica che nella mia famiglia si svolge da quattro generazioni) sarebbe in antitesi con il ruolo del civico consesso\u201d. Cos\u00ec, l\u2019ex consigliera comunale Donatella Sindoni interviene dopo una settimana di silenzio dai Social sulla sentenza del Tribunale di Messina che l\u2019ha voluto scartare dall\u2019Organo istituzionale dov\u2019era stata eletta.<div id=\"div-gpt-ad-Messinaoggi.it-DSK-300x250-corpoart\" style=\"text-align:center;margin:0 auto;\"><\/div><\/p>\n<p style=\"text-align: justify\">\u201cRammento che prima di questa legislatura avevo assunto la responsabilit\u00e0 di consigliere a palazzo Zanca gi\u00e0 nel 2007. La vicenda \u00e8 piuttosto complessa. Non la riepilogo perch\u00e9 giuridicamente cavillosa e discorsivamente noiosa. Quel che so intimamente e quel che cercher\u00f2 di dimostrare tecnicamente in Cassazione, attraverso il patrocinio del mio Avvocato convinto della mia piena &#8220;eleggibilit\u00e0&#8221;, \u00e8 che il verdetto \u00e8 ingiusto. Si ingiusto&#8230;non solo perch\u00e9 le urne hanno detto altro (il rispetto che porto per me \u00e8 lo stesso che riconosco agli elettori che mi hanno votata per la mia storia personale, professionale, politica) ma, soprattutto, in diritto non ho torto a rivendicare che una norma &#8211; anche per valore Costituzionale &#8211; dovrebbe essere letta in maniera non distorta.<div id=\"videoincontent\" style=\"clear:both\";><\/div><\/p>\n<p style=\"text-align: justify\">E ancora la Sindoni sciorina sul Social un elenco di dimostrazioni di affetto e di apprezzamento per il lavoro da lei svolto.<\/p>\n<p style=\"text-align: justify\">\u201cIn ogni caso, non posso sottacere che, in questi giorni, ho ricevuto cos\u00ec tanti attestati di stima, per come ho interpretato il mio ruolo di Consigliere Comunale senza mai sottrarmi a battermi per gli &#8220;ultimi&#8221;, per i licenziati di Casa Serena, per i diritti dei disabili, per le denunce sugli acquisti delle case popolari, per la speculazione vergognosa sulla pelle dei migranti, per le assunzioni senza concorso, per le targhe di toponomastica mai collocate, per la riqualificazione della Galleria Vittorio Emanuele, per i Tir fuori dalla citt\u00e0, per aver proposto una commissione d&#8217;inchiesta sul porto di Tremestieri, per i soldi dell&#8217;ecopass gestiti male, per la mancata rotazione dei funzionari dai dipartimenti dove girano tanti &#8220;soldini&#8221;, per gli asili che sono inesistenti, per i centri di aggregazione per gli anziani, per il &#8220;pasticcio&#8221; sulle quote di compartecipazione, per l&#8217;hotspot di Bisconte, per avere sollecitato la consegna dell&#8217;immobile al Cedav e tanto ma tanto altro ancora che appaga il mio stato d&#8217;animo e motiva il mio indomito agire\u201d.<\/p>\n<p> <\/p>\n","protected":false},"excerpt":{"rendered":"<p>\u201cLa mia serenit\u00e0, la mia coscienza, la mia tempra mi hanno suggerito di dare mandato al legale di fiducia, l\u2019avvocato Antonio Catalioto, per impugnare la pronunzia di appello che ha sentenziato la mia ineleggibilit\u00e0. Non sono pi\u00f9 in Consiglio Comunale perch\u00e9 la mia posizione in seno al laboratorio d&#8217;analisi (attivit\u00e0 medica che nella mia famiglia [&hellip;]<\/p>\n","protected":false},"author":7,"featured_media":1609,"comment_status":"closed","ping_status":"open","sticky":false,"template":"","format":"standard","meta":{"ub_ctt_via":"","_mi_skip_tracking":false},"categories":[4],"tags":[],"featured_image_src":"https:\/\/www.messinaoggi.it\/website\/wp-content\/uploads\/2017\/06\/Sindoni-Donatella-1-3.jpg","author_info":{"display_name":"Redazione1","author_link":"https:\/\/www.messinaoggi.it\/website\/author\/redazione1\/"},"digistream_id":0,"digistream":false,"_links":{"self":[{"href":"https:\/\/www.messinaoggi.it\/website\/wp-json\/wp\/v2\/posts\/11745"}],"collection":[{"href":"https:\/\/www.messinaoggi.it\/website\/wp-json\/wp\/v2\/posts"}],"about":[{"href":"https:\/\/www.messinaoggi.it\/website\/wp-json\/wp\/v2\/types\/post"}],"author":[{"embeddable":true,"href":"https:\/\/www.messinaoggi.it\/website\/wp-json\/wp\/v2\/users\/7"}],"replies":[{"embeddable":true,"href":"https:\/\/www.messinaoggi.it\/website\/wp-json\/wp\/v2\/comments?post=11745"}],"version-history":[{"count":0,"href":"https:\/\/www.messinaoggi.it\/website\/wp-json\/wp\/v2\/posts\/11745\/revisions"}],"wp:featuredmedia":[{"embeddable":true,"href":"https:\/\/www.messinaoggi.it\/website\/wp-json\/wp\/v2\/media\/1609"}],"wp:attachment":[{"href":"https:\/\/www.messinaoggi.it\/website\/wp-json\/wp\/v2\/media?parent=11745"}],"wp:term":[{"taxonomy":"category","embeddable":true,"href":"https:\/\/www.messinaoggi.it\/website\/wp-json\/wp\/v2\/categories?post=11745"},{"taxonomy":"post_tag","embeddable":true,"href":"https:\/\/www.messinaoggi.it\/website\/wp-json\/wp\/v2\/tags?post=11745"}],"curies":[{"name":"wp","href":"https:\/\/api.w.org\/{rel}","templated":true}]}}