{"id":117449,"date":"2022-08-10T09:13:24","date_gmt":"2022-08-10T07:13:24","guid":{"rendered":"http:\/\/www.messinaoggi.it\/website\/?p=117449"},"modified":"2022-08-10T09:13:25","modified_gmt":"2022-08-10T07:13:25","slug":"social-city-fdi-contratto-servizio-approvato-grazie-alle-opposizioni","status":"publish","type":"post","link":"https:\/\/www.messinaoggi.it\/website\/2022\/08\/10\/social-city-fdi-contratto-servizio-approvato-grazie-alle-opposizioni\/","title":{"rendered":"Social City, FdI: &#8220;Contratto servizio approvato grazie alle opposizioni&#8221;"},"content":{"rendered":"\n<p>La delibera sul contratto di servizio della Messina Social City passa grazie al voto di &#8220;Fratelli d&#8217;Italia&#8221; e del collega Caruso della lista &#8220;De Domenico sindaco&#8221;. Il capogruppo di Fratelli d&#8217;Italia Libero Gioveni con i colleghi di gruppo Pasquale Curr\u00f2 e Dario Carbone, insieme al collega del centrosinistra Giovanni Caruso, ieri sera hanno votato favorevolmente l&#8217;importante delibera, mantenendo soprattutto il numero legale.<div id=\"div-gpt-ad-Messinaoggi.it-DSK-300x250-corpoart\" style=\"text-align:center;margin:0 auto;\"><\/div><\/p>\n\n\n\n<p>&#8220;Infatti &#8211; spiega Gioveni nella sua dichiarazione di voto finale in Aula &#8211; se non fossimo stati presenti noi tre pi\u00f9 il collega Caruso, il numero dei consiglieri di maggioranza sarebbe stato di 14 unit\u00e0, per cui sarebbe caduto il numero legale. \u00c8 forse un primo campanellino d&#8217;allarme all&#8217;interno di una maggioranza bulgara certificata di 22\/23 elementi? \u00c8 ovvio che noi non faremo mai mancare la nostra presenza e il nostro voto sugli atti importanti per la citt\u00e0 tanto che anche stasera, pur avendo avuto bocciati tre emendamenti dalla maggioranza, abbiamo voluto comunque mantenere il numero legale e addirittura votare a favore dell&#8217;importante atto deliberativo per garantire i servizi sociali e gli stessi lavoratori.<div id=\"videoincontent\" style=\"clear:both\";><\/div><\/p>\n\n\n\n<p>&#8220;Rimane per\u00f2 il fatto politico inequivocabile &#8211; concludono Gioveni, Carbone e Curr\u00f3 che hanno invitato l&#8217;assessore Calafiore a rendere edotto dell&#8217;accaduto il sindaco Basile &#8211; che questa maggioranza stasera ha avuto bisogno dei voti di Fratelli d&#8217;Italia e di un esponente del centrosinistra&#8221;.<\/p>\n","protected":false},"excerpt":{"rendered":"<p>La delibera sul contratto di servizio della Messina Social City passa grazie al voto di &#8220;Fratelli d&#8217;Italia&#8221; e del collega Caruso della lista &#8220;De Domenico sindaco&#8221;. Il capogruppo di Fratelli d&#8217;Italia Libero Gioveni con i colleghi di gruppo Pasquale Curr\u00f2 e Dario Carbone, insieme al collega del centrosinistra Giovanni Caruso, ieri sera hanno votato favorevolmente [&hellip;]<\/p>\n","protected":false},"author":8,"featured_media":117450,"comment_status":"open","ping_status":"open","sticky":false,"template":"","format":"standard","meta":{"ub_ctt_via":"","_mi_skip_tracking":false},"categories":[4],"tags":[1185],"featured_image_src":"https:\/\/www.messinaoggi.it\/website\/wp-content\/uploads\/2022\/08\/IMG_20220713_173428.jpg","author_info":{"display_name":"red..me","author_link":"https:\/\/www.messinaoggi.it\/website\/author\/redstage\/"},"digistream_id":0,"digistream":false,"_links":{"self":[{"href":"https:\/\/www.messinaoggi.it\/website\/wp-json\/wp\/v2\/posts\/117449"}],"collection":[{"href":"https:\/\/www.messinaoggi.it\/website\/wp-json\/wp\/v2\/posts"}],"about":[{"href":"https:\/\/www.messinaoggi.it\/website\/wp-json\/wp\/v2\/types\/post"}],"author":[{"embeddable":true,"href":"https:\/\/www.messinaoggi.it\/website\/wp-json\/wp\/v2\/users\/8"}],"replies":[{"embeddable":true,"href":"https:\/\/www.messinaoggi.it\/website\/wp-json\/wp\/v2\/comments?post=117449"}],"version-history":[{"count":1,"href":"https:\/\/www.messinaoggi.it\/website\/wp-json\/wp\/v2\/posts\/117449\/revisions"}],"predecessor-version":[{"id":117451,"href":"https:\/\/www.messinaoggi.it\/website\/wp-json\/wp\/v2\/posts\/117449\/revisions\/117451"}],"wp:featuredmedia":[{"embeddable":true,"href":"https:\/\/www.messinaoggi.it\/website\/wp-json\/wp\/v2\/media\/117450"}],"wp:attachment":[{"href":"https:\/\/www.messinaoggi.it\/website\/wp-json\/wp\/v2\/media?parent=117449"}],"wp:term":[{"taxonomy":"category","embeddable":true,"href":"https:\/\/www.messinaoggi.it\/website\/wp-json\/wp\/v2\/categories?post=117449"},{"taxonomy":"post_tag","embeddable":true,"href":"https:\/\/www.messinaoggi.it\/website\/wp-json\/wp\/v2\/tags?post=117449"}],"curies":[{"name":"wp","href":"https:\/\/api.w.org\/{rel}","templated":true}]}}