{"id":117373,"date":"2022-08-09T14:17:50","date_gmt":"2022-08-09T12:17:50","guid":{"rendered":"https:\/\/www.messinaoggi.it\/website\/2022\/08\/09\/corini-a-palermo-con-una-valigia-piena-di-sogni\/"},"modified":"2022-08-09T14:17:50","modified_gmt":"2022-08-09T12:17:50","slug":"corini-a-palermo-con-una-valigia-piena-di-sogni","status":"publish","type":"post","link":"https:\/\/www.messinaoggi.it\/website\/2022\/08\/09\/corini-a-palermo-con-una-valigia-piena-di-sogni\/","title":{"rendered":"Corini \u201cA Palermo con una valigia piena di sogni\u201d"},"content":{"rendered":"<div>\n<p>PALERMO (ITALPRESS) \u2013 \u201cCi tenevo a rivolgere un pensiero a Maurizio Zamparini, che ci ha lasciato da poco. Avevamo un<br \/>rapporto conflittuale ma c\u2019era grandissima stima e grazie a lui<br \/>ho vissuto momenti importanti. Un\u2019altra persona che ci tenevo a<br \/>ringraziare \u00e8 mister Baldini, per la sua parte di lavoro fatta<br \/>quando ero giocatore e per il lavoro straordinario che ha fatto<br \/>nello scorso torneo di Serie C\u201d. Questo il primo pensiero del tecnico del Palermo, Eugenio Corini, nel corso della sua presentazione allo stadio Renzo Barbera. Tornato da pochi giorni in citt\u00e0, \u201cIl Genio\u201d, \u00e8 come non se ne fosse mai andato. In rosanero da calciatore \u00e8 stato tra i principali protagonisti della storica promozione in Serie A nel 2004, ma c\u2019\u00e8 anche una breve parentesi da allenatore nella stagione 2016-2017 nella massima serie. \u201cInizialmente andremo in base a come era stato costruito il Palermo prima. Chi rimarr\u00e0 avr\u00e0 la forza per mantenere la categoria. Bisogna riempire il reparto di centrocampo per poter lavorare come piace a me\u201d. Idee chiare, obiettivi ben definiti e voglia di continuare ad alimentare il grandissimo legame che lo lega alla citt\u00e0 e alla gente: \u201cHo gi\u00e0 parlato con la societ\u00e0 \u2013 ha aggiunto Corini -. Ci sono reparti che vanno rinforzati. C\u2019\u00e8 la volont\u00e0 di andare a operare in certi acquisti, che conoscano il campionato e possano alzare il livello, soprattutto per prepararci alla nuova categoria\u201d. Mantenere la Serie B, consolidarsi e poi ambire alla promozione, questi i prossimi step. \u201cVengo in B nonostante l\u2019obiettivo non sia vincere perch\u00e8 ho condiviso un percorso, il livello del campionato \u00e8 salito, ci confronteremo con budget e rose pi\u00f9 strutturate \u2013 ha sottolineato Corini che ha firmato un contratto biennale -. Ecco perch\u00e8 non facciamo dichiarazioni roboanti perch\u00e8 poi c\u2019\u00e8 il rischio di non poterle sviluppare. Vogliamo costruire un percorso e parlare in modo chiaro e leale. Spero di conquistarmi uno spazio lungo, ma oggi non \u00e8 ancora il momento di sbandierarlo. Sogni? la mia valigia \u00e8 piena di sogni. E\u2019 giusto che il tifoso sogni ma \u00e8 importante parlare in maniera chiara. Andiamo passo per passo, adesso l\u2019importante \u00e8 vedere lo stadio pieno e battere il Perugia\u201d. Presente anche il direttore generale Giovanni Gardini: \u201cSiamo soddisfatti di avere portato Eugenio Corini a Palermo. E\u2019 un allenatore di spessore e ne ho apprezzato le qualit\u00e0. Ci siamo presi qualche giorno in pi\u00f9, riteniamo che sia importante fare la scelta migliore, non la pi\u00f9 veloce e abbiamo approfondito la conoscenza su alcuni aspetti fondamentali di quello che vuole la nostra societ\u00e0. Per sgombrare il campo da ogni equivoco il nostro obiettivo di questa stagione \u00e8 creare stabilit\u00e0 sportiva, mantenimento della categoria, senza creare illusioni che oggi non siamo in grado di poter sostenere. Siamo neopromossi, stiamo cominciando a costruire dalle basi e c\u2019\u00e8 bisogno di tempo\u201d.<br \/>\u2013 Foto Italpress \u2013<br \/>(ITALPRESS).<div id=\"div-gpt-ad-Messinaoggi.it-DSK-300x250-corpoart\" style=\"text-align:center;margin:0 auto;\"><\/div><\/p>\n<\/div>\n<div id=\"videoincontent\" style=\"clear:both\";><\/div>","protected":false},"excerpt":{"rendered":"<p>PALERMO (ITALPRESS) \u2013 \u201cCi tenevo a rivolgere un pensiero a Maurizio Zamparini, che ci ha lasciato da poco. Avevamo unrapporto conflittuale ma c\u2019era grandissima stima e grazie a luiho vissuto momenti importanti. Un\u2019altra persona che ci tenevo aringraziare \u00e8 mister Baldini, per la sua parte di lavoro fattaquando ero giocatore e per il lavoro straordinario [&hellip;]<\/p>\n","protected":false},"author":18,"featured_media":117374,"comment_status":"closed","ping_status":"closed","sticky":false,"template":"","format":"standard","meta":{"ub_ctt_via":"","_mi_skip_tracking":false},"categories":[2449],"tags":[783],"featured_image_src":"https:\/\/www.messinaoggi.it\/website\/wp-content\/uploads\/2022\/08\/20220809_0625.jpg","author_info":{"display_name":"Admin","author_link":"https:\/\/www.messinaoggi.it\/website\/author\/admin\/"},"digistream_id":0,"digistream":false,"_links":{"self":[{"href":"https:\/\/www.messinaoggi.it\/website\/wp-json\/wp\/v2\/posts\/117373"}],"collection":[{"href":"https:\/\/www.messinaoggi.it\/website\/wp-json\/wp\/v2\/posts"}],"about":[{"href":"https:\/\/www.messinaoggi.it\/website\/wp-json\/wp\/v2\/types\/post"}],"author":[{"embeddable":true,"href":"https:\/\/www.messinaoggi.it\/website\/wp-json\/wp\/v2\/users\/18"}],"replies":[{"embeddable":true,"href":"https:\/\/www.messinaoggi.it\/website\/wp-json\/wp\/v2\/comments?post=117373"}],"version-history":[{"count":0,"href":"https:\/\/www.messinaoggi.it\/website\/wp-json\/wp\/v2\/posts\/117373\/revisions"}],"wp:featuredmedia":[{"embeddable":true,"href":"https:\/\/www.messinaoggi.it\/website\/wp-json\/wp\/v2\/media\/117374"}],"wp:attachment":[{"href":"https:\/\/www.messinaoggi.it\/website\/wp-json\/wp\/v2\/media?parent=117373"}],"wp:term":[{"taxonomy":"category","embeddable":true,"href":"https:\/\/www.messinaoggi.it\/website\/wp-json\/wp\/v2\/categories?post=117373"},{"taxonomy":"post_tag","embeddable":true,"href":"https:\/\/www.messinaoggi.it\/website\/wp-json\/wp\/v2\/tags?post=117373"}],"curies":[{"name":"wp","href":"https:\/\/api.w.org\/{rel}","templated":true}]}}