{"id":11734,"date":"2017-11-21T18:55:34","date_gmt":"2017-11-21T17:55:34","guid":{"rendered":"http:\/\/www.messinaoggi.it\/website\/?p=11734"},"modified":"2017-11-21T18:55:34","modified_gmt":"2017-11-21T17:55:34","slug":"a-rischio-il-vittorio-emanuele-fpcgil-la-deputazione-messinese-allars-intervenga","status":"publish","type":"post","link":"https:\/\/www.messinaoggi.it\/website\/2017\/11\/21\/a-rischio-il-vittorio-emanuele-fpcgil-la-deputazione-messinese-allars-intervenga\/","title":{"rendered":"A rischio il Vittorio Emanuele, FPCGIL: &#039;La deputazione messinese all&#039;Ars intervenga&#039;"},"content":{"rendered":"<p align=\"JUSTIFY\"><span style=\"color: #000000\">Il futuro del Vittorio Emanuele \u00e8 in pericolo. Che l&#8217;Ente Teatro possa chiudere i battenti non \u00e8 un&#8217;ipotesi cos\u00ec lontana, non se non avr\u00e0 accesso al preziosissimo Fondo unico regionale per lo spettacolo (Furs). Al riguardo, sono poco ottimiste la segretaria regionale della FPCGIL Sicilia Clara Croc\u00e8 e la coordinatrice del comparto della FPCGIL di Messina Rosa Raffa, le quali, dopo un incontro tenutosi a Palermo con la Dirigente regionale al ramo Maria Cristina Stimolo per discutere della grave crisi economica del Teatro, hanno affermato: \u201cLa Dirigente ha detto a chiare lettere che il fondo Furs non sar\u00e0 erogato all&#8217;Ente Teatro. Secondo quanto riferito dalla Dirigente generale del Dipartimento al ramo, infatti, il Teatro sembrerebbe non possedere alcun requisito per l&#8217;accesso al Furs\u201d. <\/span><div id=\"div-gpt-ad-Messinaoggi.it-DSK-300x250-corpoart\" style=\"text-align:center;margin:0 auto;\"><\/div><\/p>\n<p align=\"JUSTIFY\"><span style=\"color: #000000\">Poco ottimiste s\u00ec, ma non per questo gettano la spugna, anzi: \u201cE&#8217; necessaria la convocazione delle organizzazioni sindacali regionali per affrontare le problematiche del Teatro a 360 gradi.\u00a0La dirigente ha assunto l&#8217;impegno di convocare le organizzazioni sindacali nella prima decade del mese di dicembre. La FPCGIL Sicilia, unitamente alla FPCGIL\u00a0 di Messina, chieder\u00e0 al Presidente della Regione Sicilia Nello Musumeci e alla deputazione messinese di salvare il Teatro anche attraverso interventi legislativi\u201d.\u00a0<\/span><div id=\"videoincontent\" style=\"clear:both\";><\/div><\/p>\n","protected":false},"excerpt":{"rendered":"<p>Il futuro del Vittorio Emanuele \u00e8 in pericolo. Che l&#8217;Ente Teatro possa chiudere i battenti non \u00e8 un&#8217;ipotesi cos\u00ec lontana, non se non avr\u00e0 accesso al preziosissimo Fondo unico regionale per lo spettacolo (Furs). Al riguardo, sono poco ottimiste la segretaria regionale della FPCGIL Sicilia Clara Croc\u00e8 e la coordinatrice del comparto della FPCGIL di [&hellip;]<\/p>\n","protected":false},"author":8,"featured_media":2752,"comment_status":"closed","ping_status":"open","sticky":false,"template":"","format":"standard","meta":{"ub_ctt_via":"","_mi_skip_tracking":false},"categories":[5],"tags":[],"featured_image_src":"https:\/\/www.messinaoggi.it\/website\/wp-content\/uploads\/2017\/06\/teatro-vittorio-emanuele-esterno-giorno-2.jpg","author_info":{"display_name":"red..me","author_link":"https:\/\/www.messinaoggi.it\/website\/author\/redstage\/"},"digistream_id":0,"digistream":false,"_links":{"self":[{"href":"https:\/\/www.messinaoggi.it\/website\/wp-json\/wp\/v2\/posts\/11734"}],"collection":[{"href":"https:\/\/www.messinaoggi.it\/website\/wp-json\/wp\/v2\/posts"}],"about":[{"href":"https:\/\/www.messinaoggi.it\/website\/wp-json\/wp\/v2\/types\/post"}],"author":[{"embeddable":true,"href":"https:\/\/www.messinaoggi.it\/website\/wp-json\/wp\/v2\/users\/8"}],"replies":[{"embeddable":true,"href":"https:\/\/www.messinaoggi.it\/website\/wp-json\/wp\/v2\/comments?post=11734"}],"version-history":[{"count":0,"href":"https:\/\/www.messinaoggi.it\/website\/wp-json\/wp\/v2\/posts\/11734\/revisions"}],"wp:featuredmedia":[{"embeddable":true,"href":"https:\/\/www.messinaoggi.it\/website\/wp-json\/wp\/v2\/media\/2752"}],"wp:attachment":[{"href":"https:\/\/www.messinaoggi.it\/website\/wp-json\/wp\/v2\/media?parent=11734"}],"wp:term":[{"taxonomy":"category","embeddable":true,"href":"https:\/\/www.messinaoggi.it\/website\/wp-json\/wp\/v2\/categories?post=11734"},{"taxonomy":"post_tag","embeddable":true,"href":"https:\/\/www.messinaoggi.it\/website\/wp-json\/wp\/v2\/tags?post=11734"}],"curies":[{"name":"wp","href":"https:\/\/api.w.org\/{rel}","templated":true}]}}