{"id":117329,"date":"2022-08-09T08:18:04","date_gmt":"2022-08-09T06:18:04","guid":{"rendered":"https:\/\/www.messinaoggi.it\/website\/2022\/08\/09\/regionali-stancanelli-io-apprezzato-da-alleati-ma-vittima-di-la-russa\/"},"modified":"2022-08-09T09:14:53","modified_gmt":"2022-08-09T07:14:53","slug":"regionali-stancanelli-io-apprezzato-da-alleati-ma-vittima-di-la-russa","status":"publish","type":"post","link":"https:\/\/www.messinaoggi.it\/website\/2022\/08\/09\/regionali-stancanelli-io-apprezzato-da-alleati-ma-vittima-di-la-russa\/","title":{"rendered":"Regionali, Stancanelli \u201cIo apprezzato da alleati ma vittima di La Russa\u201d"},"content":{"rendered":"<div>\n<p>CATANIA (ITALPRESS) \u2013 \u201cNon \u00e8 mai esistita una mia autocandidatura. Anzi, alla proposta di disponibilit\u00e0 ricevuta ho sempre risposto che non poteva prescindere dalla mia volont\u00e0 e da quella del partito\u201d. Lo dice, in un\u2019intervista al quotidiano La Sicilia, Raffaele Stancanelli eurodeputato siciliano di FdI, nel gruppo Conservatori e Riformisti (Cre) al Parlamento Europeo. A non volerla \u00e8 proprio il suo partito. \u201cDevo ringraziare innanzitutto il presidente Berlusconi e il senatore Salvini \u2013 aggiunge l\u2019ex sindaco di Catania e assessore regionale \u2013 nonch\u00e8 tutti i vertici dei partiti alleati, che hanno espresso in pi\u00f9 occasioni, in pubblico e in privato, apprezzamenti per la mia persona, considerandomi un uomo di sintesi e di garanzia per tutte le sensibilit\u00e0 della coalizione. Purtroppo lo stesso ringraziamento non posso rivolgerlo a La Russa, che con una violenta ostilit\u00e0 e una pervicacia prossima alla cattiveria, ha sempre affermato che io non posso essere candidato\u201d. C\u2019\u00e8 un\u2019agenzia di La Russa che conferma il no su di lei: \u201cE\u2019 mio amico e spero rimanga tale. Dell\u2019amicizia con La Russa, che anch\u2019io consideravo solida, dopo le dichiarazioni di questi mesi incomincio a dubitarne. Ma, siccome vanno fatte considerazioni politiche, vorrei capire qual \u00e8 la ratio per cui un candidato gradito a tutta la coalizione e che risolverebbe le controversie in cinque minuti, debba trovare l\u2019oppo \u2013 sizione proprio del suo partito\u201d. Cosa ha Stancanelli di sbagliato per FdI? \u201cPosso dirle cosa non ho. Non ho alcuna  condanna, tranne una sanzione amministrativa di 4mila euro da sindaco di Catania, regolarmente pagata, per responsabilit\u00e0 oggettiva e La Russa sa cosa vuol dire, non per fatti criminosi o illeciti. Non sono avvisato e non pare di avere indagini in corso. L\u2019unica contestazione che La Russa in questa sua farneticante opposizione mi ha fatto \u00e8 che sono gli altri a volermi e l\u2019iniziativa non \u00e8 stata presa da FdI. Quasi fosse una mia colpa godere dell\u2019apprezzamento e della stima non solo della stragrande maggioranza di base e dirigenti del nostro partito, ma anche degli alleati. I quali, e questo La Russa non lo sa, vedono in me non soltanto l\u2019amministratore apprezzato, ma anche il dirigente politico capace di dialogare con tutte le forze riconoscendo le ragioni diverse. Inoltre, e ci\u00f2 a La Russa sembrer\u00e0 strano, ambienti politici e culturali diversi e ostili , che non ci voteranno mai, purtuttavia guardano a Raffaele Stancanelli con rispetto e stima\u201d. \u201cPurtroppo questa posizione di La Russa ha condizionato molto l\u2019atteggiamento di Giorgia Meloni, che non ha ritenuto, nonostante le mie richieste, di dovermi incontrare per eventualmente chiarire o smussare angoli che non conosce\u201d. \u201cNell\u2019ottobre 2021, con chiarezza e lealt\u00e0, ho espresso personalmente a Giorgia le mie perplessit\u00e0 sulla ricandidatura dell\u2019uscente (Musumeci, ndr), con ci\u00f2 non volendo condizionare per nulla le scelte del partito. Il tempo mi ha dato ragione, ma vorrei  precisare che da allora non c\u2019\u00e8 stata alcuna mia dichiarazione o intervista sull\u2019argomento\u2026\u201d.<br \/>(ITALPRESS).<div id=\"div-gpt-ad-Messinaoggi.it-DSK-300x250-corpoart\" style=\"text-align:center;margin:0 auto;\"><\/div><\/p>\n<p>\u2013 foto Italpress \u2013<div id=\"videoincontent\" style=\"clear:both\";><\/div><\/p>\n<\/div>\n","protected":false},"excerpt":{"rendered":"<p>CATANIA (ITALPRESS) \u2013 \u201cNon \u00e8 mai esistita una mia autocandidatura. Anzi, alla proposta di disponibilit\u00e0 ricevuta ho sempre risposto che non poteva prescindere dalla mia volont\u00e0 e da quella del partito\u201d. Lo dice, in un\u2019intervista al quotidiano La Sicilia, Raffaele Stancanelli eurodeputato siciliano di FdI, nel gruppo Conservatori e Riformisti (Cre) al Parlamento Europeo. A [&hellip;]<\/p>\n","protected":false},"author":18,"featured_media":117330,"comment_status":"closed","ping_status":"closed","sticky":false,"template":"","format":"standard","meta":{"ub_ctt_via":"","_mi_skip_tracking":false},"categories":[4,2449],"tags":[783],"featured_image_src":"https:\/\/www.messinaoggi.it\/website\/wp-content\/uploads\/2022\/08\/20220809_0067.jpg","author_info":{"display_name":"Admin","author_link":"https:\/\/www.messinaoggi.it\/website\/author\/admin\/"},"digistream_id":0,"digistream":false,"_links":{"self":[{"href":"https:\/\/www.messinaoggi.it\/website\/wp-json\/wp\/v2\/posts\/117329"}],"collection":[{"href":"https:\/\/www.messinaoggi.it\/website\/wp-json\/wp\/v2\/posts"}],"about":[{"href":"https:\/\/www.messinaoggi.it\/website\/wp-json\/wp\/v2\/types\/post"}],"author":[{"embeddable":true,"href":"https:\/\/www.messinaoggi.it\/website\/wp-json\/wp\/v2\/users\/18"}],"replies":[{"embeddable":true,"href":"https:\/\/www.messinaoggi.it\/website\/wp-json\/wp\/v2\/comments?post=117329"}],"version-history":[{"count":1,"href":"https:\/\/www.messinaoggi.it\/website\/wp-json\/wp\/v2\/posts\/117329\/revisions"}],"predecessor-version":[{"id":117343,"href":"https:\/\/www.messinaoggi.it\/website\/wp-json\/wp\/v2\/posts\/117329\/revisions\/117343"}],"wp:featuredmedia":[{"embeddable":true,"href":"https:\/\/www.messinaoggi.it\/website\/wp-json\/wp\/v2\/media\/117330"}],"wp:attachment":[{"href":"https:\/\/www.messinaoggi.it\/website\/wp-json\/wp\/v2\/media?parent=117329"}],"wp:term":[{"taxonomy":"category","embeddable":true,"href":"https:\/\/www.messinaoggi.it\/website\/wp-json\/wp\/v2\/categories?post=117329"},{"taxonomy":"post_tag","embeddable":true,"href":"https:\/\/www.messinaoggi.it\/website\/wp-json\/wp\/v2\/tags?post=117329"}],"curies":[{"name":"wp","href":"https:\/\/api.w.org\/{rel}","templated":true}]}}