{"id":117328,"date":"2022-08-09T08:25:18","date_gmt":"2022-08-09T06:25:18","guid":{"rendered":"http:\/\/www.messinaoggi.it\/website\/?p=117328"},"modified":"2022-08-09T08:25:21","modified_gmt":"2022-08-09T06:25:21","slug":"messina-social-city-ok-a-148-stabilizzazioni","status":"publish","type":"post","link":"https:\/\/www.messinaoggi.it\/website\/2022\/08\/09\/messina-social-city-ok-a-148-stabilizzazioni\/","title":{"rendered":"Messina Social City, ok a 148 stabilizzazioni"},"content":{"rendered":"\n<p>Saranno 148 i lavoratori stabilizzati nella Messina Social City. Si \u00e8 proceduto ieri pomeriggio, nel corso di un incontro aperto alla stampa nel Salone delle Bandiere di Palazzo Zanca, alla trasformazione del contratto da tempo determinato a indeterminato per 148 unit\u00e0 di personale dell\u2019azienda speciale Messina Social City. All\u2019appuntamento hanno preso parte, oltre al sindaco Federico Basile, l\u2019assessore alle Politiche Sociali Alessandra Calafiore, la presidente Valeria Asquini e la governance dell\u2019azienda speciale.<div id=\"div-gpt-ad-Messinaoggi.it-DSK-300x250-corpoart\" style=\"text-align:center;margin:0 auto;\"><\/div><\/p>\n\n\n\n<p>\u201cOggi \u2013 ha spiegato il sindaco Basile \u2013 sono io a certificare l\u2019intuizione di un percorso iniziato nel 2018 dal Sindaco De Luca, ed io allora ero suo esperto, che gi\u00e0 dalla sua campagna elettorale pens\u00f2 ad un nuovo sistema per la gestione dei servizi sociali. Intuizione, forse unica in Italia, supportata da chi in quegli anni ha creduto in questo progetto con il Salva Messina e che oggi ci vede protagonisti con il Rilancia Messina. L\u2019azienda speciale Messina Social City, a distanza di tre anni, non solo ha dato le risposte attese dalla cittadinanza in termini di servizi, affidabilit\u00e0 e continuit\u00e0, ma oggi con quest\u2019ulteriore passaggio, certamente fondamentale, diventerete ancora pi\u00f9 parte integrante di una realt\u00e0 che, partendo da zero, \u00e8 cresciuta tanto ed ora programma nuovi step di crescita in termini di servizi e di risposte al cittadino. Grazie per il lavoro che fate \u2013 ha concluso il Sindaco \u2013 ed in bocca al lupo perch\u00e9 da domani il vostro impegno sar\u00e0 ancora maggiore\u201d.<div id=\"videoincontent\" style=\"clear:both\";><\/div><\/p>\n\n\n\n<p>\u201c\u00c8 un giorno importante \u2013 ha aggiunto l\u2019assessore Calafiore \u2013 perch\u00e9 si pone in continuit\u00e0 con il lavoro svolto dall\u2019Amministrazione De Luca. Il 18 dicembre del 2018 fu costituita la Messina Social City e dal primo marzo 2019 partirono i servizi; abbiamo assunto quindi impegni precisi attraverso atti amministrativi che stiamo portando avanti. Questa \u00e8 la seconda fase in cui si danno risposte ai nostri utenti e poi a chi lavora ogni giorno con impegno e dedizione. Siamo contenti perch\u00e9 portiamo avanti un percorso gi\u00e0 tracciato, nel segno della continuit\u00e0 ed in attesa di prossimi e altrettanto stimolanti risultati\u201d.<\/p>\n\n\n\n<p>La Presidente della Messina Social City Valeria Asquini ha concluso gli interventi: \u201cSono davvero emozionata ad essere qui per la seconda volta in soli tre anni con l\u2019Amministrazione Basile in continuit\u00e0 di un lavoro iniziato dalla Giunta De Luca per sancire un diritto inalienabile, che \u00e8 quello di dare dignit\u00e0 professionale a molti operatori che tutti i giorni svolgono un lavoro difficile e delicato, ma anche prezioso, dando voce a chi non ha voce e speranza a chi non ne ha\u201d.<\/p>\n","protected":false},"excerpt":{"rendered":"<p>Saranno 148 i lavoratori stabilizzati nella Messina Social City. Si \u00e8 proceduto ieri pomeriggio, nel corso di un incontro aperto alla stampa nel Salone delle Bandiere di Palazzo Zanca, alla trasformazione del contratto da tempo determinato a indeterminato per 148 unit\u00e0 di personale dell\u2019azienda speciale Messina Social City. All\u2019appuntamento hanno preso parte, oltre al sindaco [&hellip;]<\/p>\n","protected":false},"author":8,"featured_media":33613,"comment_status":"open","ping_status":"open","sticky":false,"template":"","format":"standard","meta":{"ub_ctt_via":"","_mi_skip_tracking":false},"categories":[5],"tags":[1185,4715],"featured_image_src":"https:\/\/www.messinaoggi.it\/website\/wp-content\/uploads\/2019\/06\/8D23C2E4-DE30-44F1-B1FE-05C48E9F7F14.jpeg","author_info":{"display_name":"red..me","author_link":"https:\/\/www.messinaoggi.it\/website\/author\/redstage\/"},"digistream_id":0,"digistream":false,"_links":{"self":[{"href":"https:\/\/www.messinaoggi.it\/website\/wp-json\/wp\/v2\/posts\/117328"}],"collection":[{"href":"https:\/\/www.messinaoggi.it\/website\/wp-json\/wp\/v2\/posts"}],"about":[{"href":"https:\/\/www.messinaoggi.it\/website\/wp-json\/wp\/v2\/types\/post"}],"author":[{"embeddable":true,"href":"https:\/\/www.messinaoggi.it\/website\/wp-json\/wp\/v2\/users\/8"}],"replies":[{"embeddable":true,"href":"https:\/\/www.messinaoggi.it\/website\/wp-json\/wp\/v2\/comments?post=117328"}],"version-history":[{"count":1,"href":"https:\/\/www.messinaoggi.it\/website\/wp-json\/wp\/v2\/posts\/117328\/revisions"}],"predecessor-version":[{"id":117334,"href":"https:\/\/www.messinaoggi.it\/website\/wp-json\/wp\/v2\/posts\/117328\/revisions\/117334"}],"wp:featuredmedia":[{"embeddable":true,"href":"https:\/\/www.messinaoggi.it\/website\/wp-json\/wp\/v2\/media\/33613"}],"wp:attachment":[{"href":"https:\/\/www.messinaoggi.it\/website\/wp-json\/wp\/v2\/media?parent=117328"}],"wp:term":[{"taxonomy":"category","embeddable":true,"href":"https:\/\/www.messinaoggi.it\/website\/wp-json\/wp\/v2\/categories?post=117328"},{"taxonomy":"post_tag","embeddable":true,"href":"https:\/\/www.messinaoggi.it\/website\/wp-json\/wp\/v2\/tags?post=117328"}],"curies":[{"name":"wp","href":"https:\/\/api.w.org\/{rel}","templated":true}]}}