{"id":117293,"date":"2022-08-08T20:03:15","date_gmt":"2022-08-08T18:03:15","guid":{"rendered":"https:\/\/www.messinaoggi.it\/website\/2022\/08\/08\/regionali-sicilia-il-candidato-presidente-del-centrodestra-sara-deciso-a-roma\/"},"modified":"2022-08-08T21:22:57","modified_gmt":"2022-08-08T19:22:57","slug":"regionali-sicilia-il-candidato-presidente-del-centrodestra-sara-deciso-a-roma","status":"publish","type":"post","link":"https:\/\/www.messinaoggi.it\/website\/2022\/08\/08\/regionali-sicilia-il-candidato-presidente-del-centrodestra-sara-deciso-a-roma\/","title":{"rendered":"Regionali Sicilia, il candidato presidente del Centrodestra sar\u00e0 deciso a Roma"},"content":{"rendered":"<div>\n<p>PALERMO (ITALPRESS) \u2013 Si sposta a Roma il tavolo del centrodestra per la scelta del candidato presidente della Regione siciliana. E\u2019 stato deciso a conclusione di un incontro che si \u00e8 tenuto a Palermo.<br \/>\u201cAl termine del vertice del centrodestra convocato all\u2019hotel delle Palme di Palermo su iniziativa dei coordinatori regionali di FdI, al quale hanno partecipato i rappresentanti di Forza Italia, Lega, Udc, Mpa, Noi con l\u2019Italia e Nuova DC, si \u00e8 convenuto di non porre alcuna pregiudiziale e alcun veto sulle ipotesi delle candidature in campo proposte dai partiti e di chiedere ai vertici nazionali una riunione urgente insieme ai coordinatori regionali del centrodestra per trovare la sintesi sul candidato alla presidenza della Regione\u201d, si legge in una nota congiunta diramata al termine dell\u2019incontro. Erano presenti Gianfranco Miccich\u00e8, coordinatore regionale di Forza Italia, il coordinatore regionale dei Fdi Giampiero Cannella, Anastasio Carr\u00e0 e Pippo Fallica della Lega, il segretario regionale dell\u2019Udc Decio Terrana e Toto Cordaro, Roberto Di Mauro dell\u2019Mpa, il commissario della Nuova DC Tot\u00f2 Cuffaro e Antonello Antinoro di Cantiere Popolare Noi con l\u2019Italia.<br \/>\u201cE\u2019 importante che oggi pomeriggio il centrodestra sia tornato a discutere per trovare un accordo. Adesso dobbiamo fare in fretta per cominciare a parlare dei temi e dei programmi della campagna elettorale. Siamo gi\u00e0 in ritardo\u201d. Nino Minardo, leader del Carroccio in Sicilia, non si sbilancia. E conferma all\u2019Italpress che la Lega durante il vertice in corso a Palermo ha fatto due eventuali nomi per la candidatura a governatore dell\u2019Isola: il suo e quello di Alessandro Pagano.<br \/>\u201cRingrazio il mio partito \u2013 afferma \u2013 questa cosa mi lusinga ma sto valutando se proseguire l\u2019impegno romano. In tal caso ci sarebbe sul tavolo il nome di Alessandro Pagano\u201d.<br \/>Sempre secondo quanto apprende l\u2019Italpress, Fratelli d\u2019Italia al tavolo della coalizione avrebbe ribadito il solo nome del governatore uscente Nello Musumeci. \u201cE\u2019 legittimo che ciascuna forza politica avanzi la sua proposta per il candidato alla presidenza della Regione al vertice con i leader nazionali. Lo far\u00e0 anche Fratelli d\u2019Italia, riproponendo la candidatura del presidente uscente: per noi in campo c\u2019\u00e8 solo Nello Musumeci\u201d, ribadisce il coordinatore di Fratelli d\u2019Italia per la Sicilia orientale Salvo Pogliese.<br \/>Per Forza Italia ci sarebbe una lista pi\u00f9 ampia di nomi: da quello di Stefania Prestigiacomo all\u2019attuale presidente dell\u2019Ars, Gianfranco Miccich\u00e8. Ma sul tavolo ci sarebbero anche i nomi dell\u2019ex presidente del Senato Renato Schifani, dell\u2019attuale direttore generale della Fondazione Federico II, Patrizia Monterosso, e del presidente nazionale dell\u2019Aiop, Barbara Cittadini.<br \/>\u201cIn questo vertice ci sono stati significativi passi avanti, nella misura in cui non ci sono veti per nessuno. Dopodomani ci sar\u00e0 il vertice con i leader nazionali e regionali a Roma: il partito cui sar\u00e0 assegnata la presidenza della Regione decider\u00e0 il candidato\u201d, sottolinea al termine dell\u2019incontro il presidente dell\u2019Ars e coordinatore regionale di Forza Italia, Gianfranco Miccich\u00e8, che poco prima a Repubblica.it aveva dichiarato: \u201cLa corsa verso Palazzo d\u2019Orleans spetta a Forza Italia. Altrimenti siamo pronti anche a correre da soli\u201d.<br \/>\u201cNon c\u2019\u00e8 veto su Musumeci, non c\u2019\u00e8 veto su Prestigiacomo, non c\u2019\u00e8 veto su nessuno \u2013 aggiunge Miccich\u00e8 -. Ciascun partito andr\u00e0 a Roma a rivendicare la presidenza della Regione. Discuteremo con i leader regionali e nazionali a chi spetter\u00e0 la presidenza della Regione\u201d.<br \/>Anche l\u2019ex governatore regionale Tot\u00f2 Cuffaro, sottolinea che \u201cnon ci sono pregiudiziali nei confronti di nessun candidato, nemmeno di Musumeci. Ma dobbiamo fare presto a scegliere, entro il 14 bisogna presentare sia le liste che il nome del candidato alla presidenza della Regione\u201d.<br \/>\u2013 foto agenziafotogramma.it \u2013<br \/>(ITALPRESS).<div id=\"div-gpt-ad-Messinaoggi.it-DSK-300x250-corpoart\" style=\"text-align:center;margin:0 auto;\"><\/div><\/p>\n<\/div>\n<div id=\"videoincontent\" style=\"clear:both\";><\/div>","protected":false},"excerpt":{"rendered":"<p>PALERMO (ITALPRESS) \u2013 Si sposta a Roma il tavolo del centrodestra per la scelta del candidato presidente della Regione siciliana. E\u2019 stato deciso a conclusione di un incontro che si \u00e8 tenuto a Palermo.\u201cAl termine del vertice del centrodestra convocato all\u2019hotel delle Palme di Palermo su iniziativa dei coordinatori regionali di FdI, al quale hanno [&hellip;]<\/p>\n","protected":false},"author":18,"featured_media":117294,"comment_status":"closed","ping_status":"closed","sticky":false,"template":"","format":"standard","meta":{"ub_ctt_via":"","_mi_skip_tracking":false},"categories":[6,2449],"tags":[783],"featured_image_src":"https:\/\/www.messinaoggi.it\/website\/wp-content\/uploads\/2022\/08\/20220808_1693.jpg","author_info":{"display_name":"Admin","author_link":"https:\/\/www.messinaoggi.it\/website\/author\/admin\/"},"digistream_id":0,"digistream":false,"_links":{"self":[{"href":"https:\/\/www.messinaoggi.it\/website\/wp-json\/wp\/v2\/posts\/117293"}],"collection":[{"href":"https:\/\/www.messinaoggi.it\/website\/wp-json\/wp\/v2\/posts"}],"about":[{"href":"https:\/\/www.messinaoggi.it\/website\/wp-json\/wp\/v2\/types\/post"}],"author":[{"embeddable":true,"href":"https:\/\/www.messinaoggi.it\/website\/wp-json\/wp\/v2\/users\/18"}],"replies":[{"embeddable":true,"href":"https:\/\/www.messinaoggi.it\/website\/wp-json\/wp\/v2\/comments?post=117293"}],"version-history":[{"count":1,"href":"https:\/\/www.messinaoggi.it\/website\/wp-json\/wp\/v2\/posts\/117293\/revisions"}],"predecessor-version":[{"id":117311,"href":"https:\/\/www.messinaoggi.it\/website\/wp-json\/wp\/v2\/posts\/117293\/revisions\/117311"}],"wp:featuredmedia":[{"embeddable":true,"href":"https:\/\/www.messinaoggi.it\/website\/wp-json\/wp\/v2\/media\/117294"}],"wp:attachment":[{"href":"https:\/\/www.messinaoggi.it\/website\/wp-json\/wp\/v2\/media?parent=117293"}],"wp:term":[{"taxonomy":"category","embeddable":true,"href":"https:\/\/www.messinaoggi.it\/website\/wp-json\/wp\/v2\/categories?post=117293"},{"taxonomy":"post_tag","embeddable":true,"href":"https:\/\/www.messinaoggi.it\/website\/wp-json\/wp\/v2\/tags?post=117293"}],"curies":[{"name":"wp","href":"https:\/\/api.w.org\/{rel}","templated":true}]}}