{"id":11726,"date":"2017-11-21T14:30:16","date_gmt":"2017-11-21T13:30:16","guid":{"rendered":"http:\/\/www.messinaoggi.it\/website\/?p=11726"},"modified":"2017-11-21T14:30:16","modified_gmt":"2017-11-21T13:30:16","slug":"e-comparsa-a-palazzo-zanca-la-nuova-governance-atm-altri-20-mezzi-stanno-arrivando","status":"publish","type":"post","link":"https:\/\/www.messinaoggi.it\/website\/2017\/11\/21\/e-comparsa-a-palazzo-zanca-la-nuova-governance-atm-altri-20-mezzi-stanno-arrivando\/","title":{"rendered":"E\u2019 comparsa a Palazzo Zanca\u2026 la nuova Governance Atm. Altri 20 mezzi stanno arrivando"},"content":{"rendered":"<p style=\"text-align: justify\">Il nuovo Consiglio d\u2019Amministrazione dell\u2019Azienda Trasporti messinese, costituito dal presidente Giovanni Foti e i consiglieri Simonetta Di Prima e Alberto Ciccone, attua il suo insediamento, dopo quasi dieci anni di stasi commissariale, senza farsi mancare un avvenuto risanamento accompagnato dalla riorganizzazione che ha reso l\u2019Azienda ai primi posti di quelle del Sud d\u2019Italia.<div id=\"div-gpt-ad-Messinaoggi.it-DSK-300x250-corpoart\" style=\"text-align:center;margin:0 auto;\"><\/div><\/p>\n<p style=\"text-align: justify\">Nel corso di una conferenza stampa stamani a Palazzo Zanca, il sindaco Renato Accorinti e il vicesindaco e assessore alla Mobilit\u00e0 e Trasporti, Gaetano Cacciola, lo hanno presentato. All\u2019incontro con i giornalisti hanno preso parte anche l\u2019assessore alle Aziende Partecipate, Guido Signorino; il Segretario generale, Antonio Le Donne e il dirigente alla Mobilit\u00e0 Urbana, Mario Pizzino.<div id=\"videoincontent\" style=\"clear:both\";><\/div><\/p>\n<div id=\"attachment_11728\" style=\"width: 310px\" class=\"wp-caption alignnone\"><img aria-describedby=\"caption-attachment-11728\" loading=\"lazy\" class=\"wp-image-11728 size-medium\" src=\"http:\/\/www.messinaoggi.it\/website\/wp-content\/uploads\/2017\/11\/Cda-Atm-presentato-al-Comune_Ciccone_Foti_Di-Prima_Accorinti_Cacciola_messinaoggi-300x200.jpg\" alt=\"\" width=\"300\" height=\"200\" \/><p id=\"caption-attachment-11728\" class=\"wp-caption-text\">Da sx: Ciccone, Foti, Di Prima, Accorinti e Cacciola<\/p><\/div>\n<p style=\"text-align: justify\">Nel dare il benvenuto alla nuova \u201cgovernance\u201d, l\u2019Esecutivo di Palazzo Zanca ha augurato un proficuo lavoro che certamente porter\u00e0 l\u2019Atm a giocare un ulteriore ruolo essenziale a sostegno delle strategie della mobilit\u00e0 sostenibile nella citt\u00e0 di Messina come gi\u00e0 avvenuto negli ultimi anni. Nel corso della conferenza stampa l\u2019Amministrazione comunale ha annunciato l\u2019imminente arrivo di altri 20 mezzi, di cui 13 elettrici da destinare al centro cittadino.<\/p>\n<p style=\"text-align: justify\">\u201cLe scelte di questa Amministrazione comunale \u2013 ha dichiarato il Sindaco \u2013 vengono effettuate sulla base dell\u2019abbinamento di etica e professionalit\u00e0; siamo orgogliosi di ci\u00f2 perch\u00e9 tale modus operandi costituisce il vero cambio culturale nella nostra citt\u00e0\u201d. \u201cE\u2019 un altro passo avanti \u2013 hanno proseguito Accorinti e Cacciola \u2013 del risanamento dell\u2019ATM attraverso l\u2019ultima gestione commissariale, il rinnovato management aziendale, l\u2019impegno del personale, ed il costante supporto e la guida strategica dell\u2019Amministrazione comunale. I bilanci economici positivi degli ultimi tre anni costituiscono la vera svolta rispetto ad un passato che ha portato enormi debiti, che gravano ancora sul piano di riequilibrio del Comune di Messina. Il nuovo CDA \u2013 ha concluso il Vicesindaco \u2013 parte quindi con una nuova sfida: rilanciare ulteriormente il servizio incrementando la domanda e provvedendo a consolidare la struttura tecnico\u2013economica dell\u2019Azienda, grazie anche ai finanziamenti del Programma Operativo Nazionale 2014 \u2013 2020\u201d.<\/p>\n<p style=\"text-align: right\"><strong>Foto Rocco Papandrea\u00a0<\/strong><\/p>\n","protected":false},"excerpt":{"rendered":"<p>Il nuovo Consiglio d\u2019Amministrazione dell\u2019Azienda Trasporti messinese, costituito dal presidente Giovanni Foti e i consiglieri Simonetta Di Prima e Alberto Ciccone, attua il suo insediamento, dopo quasi dieci anni di stasi commissariale, senza farsi mancare un avvenuto risanamento accompagnato dalla riorganizzazione che ha reso l\u2019Azienda ai primi posti di quelle del Sud d\u2019Italia. Nel corso [&hellip;]<\/p>\n","protected":false},"author":7,"featured_media":11727,"comment_status":"closed","ping_status":"open","sticky":false,"template":"","format":"standard","meta":{"ub_ctt_via":"","_mi_skip_tracking":false},"categories":[4],"tags":[],"featured_image_src":"https:\/\/www.messinaoggi.it\/website\/wp-content\/uploads\/2017\/11\/Cda-Atm-Accorinti_Foti_Di-Prima_Ciccone_messinaoggiMR.jpg","author_info":{"display_name":"Redazione1","author_link":"https:\/\/www.messinaoggi.it\/website\/author\/redazione1\/"},"digistream_id":0,"digistream":false,"_links":{"self":[{"href":"https:\/\/www.messinaoggi.it\/website\/wp-json\/wp\/v2\/posts\/11726"}],"collection":[{"href":"https:\/\/www.messinaoggi.it\/website\/wp-json\/wp\/v2\/posts"}],"about":[{"href":"https:\/\/www.messinaoggi.it\/website\/wp-json\/wp\/v2\/types\/post"}],"author":[{"embeddable":true,"href":"https:\/\/www.messinaoggi.it\/website\/wp-json\/wp\/v2\/users\/7"}],"replies":[{"embeddable":true,"href":"https:\/\/www.messinaoggi.it\/website\/wp-json\/wp\/v2\/comments?post=11726"}],"version-history":[{"count":0,"href":"https:\/\/www.messinaoggi.it\/website\/wp-json\/wp\/v2\/posts\/11726\/revisions"}],"wp:featuredmedia":[{"embeddable":true,"href":"https:\/\/www.messinaoggi.it\/website\/wp-json\/wp\/v2\/media\/11727"}],"wp:attachment":[{"href":"https:\/\/www.messinaoggi.it\/website\/wp-json\/wp\/v2\/media?parent=11726"}],"wp:term":[{"taxonomy":"category","embeddable":true,"href":"https:\/\/www.messinaoggi.it\/website\/wp-json\/wp\/v2\/categories?post=11726"},{"taxonomy":"post_tag","embeddable":true,"href":"https:\/\/www.messinaoggi.it\/website\/wp-json\/wp\/v2\/tags?post=11726"}],"curies":[{"name":"wp","href":"https:\/\/api.w.org\/{rel}","templated":true}]}}