{"id":117175,"date":"2022-08-07T10:07:50","date_gmt":"2022-08-07T08:07:50","guid":{"rendered":"https:\/\/www.messinaoggi.it\/website\/2022\/08\/07\/berlusconi-la-sinistra-denigra-noi-parliamo-di-contenuti\/"},"modified":"2022-08-07T10:07:50","modified_gmt":"2022-08-07T08:07:50","slug":"berlusconi-la-sinistra-denigra-noi-parliamo-di-contenuti","status":"publish","type":"post","link":"https:\/\/www.messinaoggi.it\/website\/2022\/08\/07\/berlusconi-la-sinistra-denigra-noi-parliamo-di-contenuti\/","title":{"rendered":"Berlusconi \u201cLa sinistra denigra, noi parliamo di contenuti\u201d"},"content":{"rendered":"<div>ROMA (ITALPRESS) &#8211; Il prossimo premier &#8220;sar\u00e0 una proposta che spetta a chi nella coalizione ha preso pi\u00f9 voti, naturalmente in accordo con gli alleati. E poi sar\u00e0 il capo dello Stato a prendere la decisione definitiva&#8221;. Cos\u00ec il presidente di Forza Italia, Silvio Berlusconi, in un&#8217;intervista al Messaggero.<br \/>\n&#8220;Da parte delle sinistre vedo i prodromi di una campagna solo di denigrazione dell&#8217;avversario. Non riescono a dire nulla sul loro programma. Forse perch\u00e8 sono in disaccordo su tutto. Da parte nostra invece parliamo di contenuti, del nostro progetto per far ripartire l&#8217;Italia. E lo facciamo con un linguaggio sereno e rispettoso&#8221;, aggiunge. Alla domanda su cosa abbiano in comune con lui i leader di Fratelli d&#8217;Italia e Lega, dice: &#8220;Giorgia, la determinazione e il coraggio, Matteo la capacit\u00e0 di parlare agli italiani e anche quella di saper ascoltare&#8221;. A Meloni che invita gli alleati a non fare promesse elettorali irrealizzabili &#8220;non ho nulla da rispondere perch\u00e8 sono certo che quella frase non si riferisse a noi. Dico per\u00f2 che sono perfettamente d&#8217;accordo: i nostri sono progetti del tutto realistici, si finanziano con tagli alle spese perfettamente realizzazbili&#8221;, osserva. Una fusione tra Forza Italia e Lega? &#8220;No, siamo due forze diverse, con culture politiche diverse e ci rivolgiamo ad elettorati diversi&#8221;, chiosa.<br \/>\n(ITALPRESS).<br \/>\n-foto agenziafotogramma.it-<\/div>\n<div id=\"div-gpt-ad-Messinaoggi.it-DSK-300x250-corpoart\" style=\"text-align:center;margin:0 auto;\"><\/div><\/p><div id=\"videoincontent\" style=\"clear:both\";><\/div>","protected":false},"excerpt":{"rendered":"<p>ROMA (ITALPRESS) &#8211; Il prossimo premier &#8220;sar\u00e0 una proposta che spetta a chi nella coalizione ha preso pi\u00f9 voti, naturalmente in accordo con gli alleati. E poi sar\u00e0 il capo dello Stato a prendere la decisione definitiva&#8221;. Cos\u00ec il presidente di Forza Italia, Silvio Berlusconi, in un&#8217;intervista al Messaggero. &#8220;Da parte delle sinistre vedo i [&hellip;]<\/p>\n","protected":false},"author":18,"featured_media":117176,"comment_status":"closed","ping_status":"closed","sticky":false,"template":"","format":"standard","meta":{"ub_ctt_via":"","_mi_skip_tracking":false},"categories":[446],"tags":[783],"featured_image_src":"https:\/\/www.messinaoggi.it\/website\/wp-content\/uploads\/2022\/08\/20220807_0100.jpg","author_info":{"display_name":"Admin","author_link":"https:\/\/www.messinaoggi.it\/website\/author\/admin\/"},"digistream_id":0,"digistream":false,"_links":{"self":[{"href":"https:\/\/www.messinaoggi.it\/website\/wp-json\/wp\/v2\/posts\/117175"}],"collection":[{"href":"https:\/\/www.messinaoggi.it\/website\/wp-json\/wp\/v2\/posts"}],"about":[{"href":"https:\/\/www.messinaoggi.it\/website\/wp-json\/wp\/v2\/types\/post"}],"author":[{"embeddable":true,"href":"https:\/\/www.messinaoggi.it\/website\/wp-json\/wp\/v2\/users\/18"}],"replies":[{"embeddable":true,"href":"https:\/\/www.messinaoggi.it\/website\/wp-json\/wp\/v2\/comments?post=117175"}],"version-history":[{"count":0,"href":"https:\/\/www.messinaoggi.it\/website\/wp-json\/wp\/v2\/posts\/117175\/revisions"}],"wp:featuredmedia":[{"embeddable":true,"href":"https:\/\/www.messinaoggi.it\/website\/wp-json\/wp\/v2\/media\/117176"}],"wp:attachment":[{"href":"https:\/\/www.messinaoggi.it\/website\/wp-json\/wp\/v2\/media?parent=117175"}],"wp:term":[{"taxonomy":"category","embeddable":true,"href":"https:\/\/www.messinaoggi.it\/website\/wp-json\/wp\/v2\/categories?post=117175"},{"taxonomy":"post_tag","embeddable":true,"href":"https:\/\/www.messinaoggi.it\/website\/wp-json\/wp\/v2\/tags?post=117175"}],"curies":[{"name":"wp","href":"https:\/\/api.w.org\/{rel}","templated":true}]}}