{"id":117157,"date":"2022-08-06T18:47:54","date_gmt":"2022-08-06T16:47:54","guid":{"rendered":"https:\/\/www.messinaoggi.it\/website\/2022\/08\/06\/regionali-sicilia-la-russa-con-musumeci-vittoria-sarebbe-certa\/"},"modified":"2022-08-06T18:47:54","modified_gmt":"2022-08-06T16:47:54","slug":"regionali-sicilia-la-russa-con-musumeci-vittoria-sarebbe-certa","status":"publish","type":"post","link":"https:\/\/www.messinaoggi.it\/website\/2022\/08\/06\/regionali-sicilia-la-russa-con-musumeci-vittoria-sarebbe-certa\/","title":{"rendered":"Regionali Sicilia, La Russa \u201cCon Musumeci vittoria sarebbe certa\u201d"},"content":{"rendered":"<div>\n<p>PALERMO (ITALPRESS) \u2013 \u201cNoi il nome del candidato ce lo abbiamo gi\u00e0 e si chiama Nello Musumeci, dobbiamo verificare nella prima riunione con gli alleati se ci sono nomi degli altri partiti da mettere a confronto. Se c\u2019\u00e8 un altro nome che va bene a tutti e quindi anche a noi, e che consente di avere ampie certezze di vittoria, in quel caso Musumeci ha detto che far\u00e0 un passo laterale. Se non c\u2019e un nome che piace anche a noi e che d\u00e0 ampie garanzie, noi restiamo su Nello Musumeci, non ci sono altri nomi\u201d. Ignazio La Russa, intervistato dall\u2019Italpress, non ha dubbi e punta ancora su Nello Musumeci. In seguito alle dimissioni del governatore siciliano, si accende il dibattito interno al centrodestra sul candidato unitario da presentare per le elezioni del 25 settembre, data che dista ormai appena un mese e mezzo. <br \/>In programma luned\u00ec un vertice a Palermo dal quale potrebbe emergere il nome, ma servir\u00e0 mettere d\u2019accordo tutti gli alleati. Nell\u2019intervista, il senatore e fondatore di Fratelli d\u2019Italia ha ribadito l\u2019appoggio nei confronti del presidente uscente, pronto a fare un passo di lato solo qualora venisse individuato un nome che sia gradito a tutte le forze della coalizione: \u201cIl nome che fa FdI, e dunque lo attribuiamo a Giorgia Meloni, \u00e8 solo l\u2019uscente in quanto uscente. Dove c\u2019\u00e8 la possibilit\u00e0 di proporre il governatore uscente noi non proponiamo altri nomi \u2013 ha sottolineato La Russa \u2013 Aspettiamo che gli altri facciano i loro nomi, che abbiano o non abbiano il nostro ok. Se arrivano al vertice e dicono che Musumeci va bene luned\u00ec si chiude, se dicono altri nomi vediamo quali sono, non posso anticipare le reazioni\u201d. Sul piatto al momento svetta il profilo proposto da Forza Italia, quello di Stefania Prestigiacomo, ma La Russa la ritiene una strada impercorribile: \u201cLa candidatura di Stefania Prestigiscomo? Va chiesto alla Lega se la vicenda Sea Watch pu\u00f2 essere dimenticata, \u00e8 un p\u00f2 difficile. E\u2019 un profilo da scartare \u2013 ha spiegato \u2013 Il motivo non va attribuito a me, ma la distanza sui temi come l\u2019immigrazione, manifestata con il viaggio sulla Sea Watch, credo sia per la Lega, ancor prima che per noi, insuperabile\u201d. <br \/>Se PD e M5S, nonostante i disaccordi romani, in Sicilia sembrano poter mantenere l\u2019unit\u00e0 intorno a Caterina Chinnici, e Cateno De Luca ha lanciato ormai da mesi la propria candidatura, il rischio per il centrodestra \u00e8 quello di trovare la quadratura del cerchio troppo tardi rispetto agli avversari. <br \/>Per l\u2019esponente di Fratelli d\u2019Italia, per\u00f2, il problema non si pone: \u201cNon siamo in ritardo perch\u00e8 Musumeci si \u00e8 dimesso ieri, il candidato c\u2019\u00e8 e si chiama Musumeci. Siamo in ritardo se il suo profilo \u00e8 in discussione, siamo in anticipo di cinque anni in caso contrario. Se il candidato non \u00e8 Musumeci non siamo in anticipo, ma in verit\u00e0 neanche in ritardo perch\u00e8 Musumeci si \u00e8 dimesso proprio ieri \u2013 ha sottolineato -. Noi valutiamo solo l\u2019uscente, altri nomi ce li facciano ma devono avere il nostro placet, se no restiamo su Musumeci anche a oltranza. Se invece ci fanno nomi che ci convincono e Nello Musumeci conferma il passo di lato ne prenderemo atto \u2013 ha aggiunto La Russa, non nascondendo le sue perplessit\u00e0 circa le riserve degli alleati sulla ricandidatura di Musumeci \u2013 Lo faremmo con dispiacere, perch\u00e8 siamo convinti che con Nello Musumeci la vittoria sia sicura al 100%, non capiamo perch\u00e8 ci sia questa discussione, ma visto che c\u2019\u00e8 non vogliamo raddrizzare le gambe ai cani \u2013 ha concluso \u2013 Un paragone che ha il suo significato\u201d.<div id=\"div-gpt-ad-Messinaoggi.it-DSK-300x250-corpoart\" style=\"text-align:center;margin:0 auto;\"><\/div><\/p>\n<p>\u2013 foto agenziafotogramma.it \u2013<br \/>(ITALPRESS).<div id=\"videoincontent\" style=\"clear:both\";><\/div><\/p>\n<\/div>\n","protected":false},"excerpt":{"rendered":"<p>PALERMO (ITALPRESS) \u2013 \u201cNoi il nome del candidato ce lo abbiamo gi\u00e0 e si chiama Nello Musumeci, dobbiamo verificare nella prima riunione con gli alleati se ci sono nomi degli altri partiti da mettere a confronto. Se c\u2019\u00e8 un altro nome che va bene a tutti e quindi anche a noi, e che consente di [&hellip;]<\/p>\n","protected":false},"author":18,"featured_media":117158,"comment_status":"closed","ping_status":"closed","sticky":false,"template":"","format":"standard","meta":{"ub_ctt_via":"","_mi_skip_tracking":false},"categories":[2449],"tags":[783],"featured_image_src":"https:\/\/www.messinaoggi.it\/website\/wp-content\/uploads\/2022\/08\/20220806_1188.jpg","author_info":{"display_name":"Admin","author_link":"https:\/\/www.messinaoggi.it\/website\/author\/admin\/"},"digistream_id":0,"digistream":false,"_links":{"self":[{"href":"https:\/\/www.messinaoggi.it\/website\/wp-json\/wp\/v2\/posts\/117157"}],"collection":[{"href":"https:\/\/www.messinaoggi.it\/website\/wp-json\/wp\/v2\/posts"}],"about":[{"href":"https:\/\/www.messinaoggi.it\/website\/wp-json\/wp\/v2\/types\/post"}],"author":[{"embeddable":true,"href":"https:\/\/www.messinaoggi.it\/website\/wp-json\/wp\/v2\/users\/18"}],"replies":[{"embeddable":true,"href":"https:\/\/www.messinaoggi.it\/website\/wp-json\/wp\/v2\/comments?post=117157"}],"version-history":[{"count":0,"href":"https:\/\/www.messinaoggi.it\/website\/wp-json\/wp\/v2\/posts\/117157\/revisions"}],"wp:featuredmedia":[{"embeddable":true,"href":"https:\/\/www.messinaoggi.it\/website\/wp-json\/wp\/v2\/media\/117158"}],"wp:attachment":[{"href":"https:\/\/www.messinaoggi.it\/website\/wp-json\/wp\/v2\/media?parent=117157"}],"wp:term":[{"taxonomy":"category","embeddable":true,"href":"https:\/\/www.messinaoggi.it\/website\/wp-json\/wp\/v2\/categories?post=117157"},{"taxonomy":"post_tag","embeddable":true,"href":"https:\/\/www.messinaoggi.it\/website\/wp-json\/wp\/v2\/tags?post=117157"}],"curies":[{"name":"wp","href":"https:\/\/api.w.org\/{rel}","templated":true}]}}