{"id":117131,"date":"2022-08-06T09:02:55","date_gmt":"2022-08-06T07:02:55","guid":{"rendered":"https:\/\/www.messinaoggi.it\/website\/2022\/08\/06\/musumeci-mio-passo-indietro-indichino-candidato-se-unitario\/"},"modified":"2022-08-06T09:02:55","modified_gmt":"2022-08-06T07:02:55","slug":"musumeci-mio-passo-indietro-indichino-candidato-se-unitario","status":"publish","type":"post","link":"https:\/\/www.messinaoggi.it\/website\/2022\/08\/06\/musumeci-mio-passo-indietro-indichino-candidato-se-unitario\/","title":{"rendered":"Musumeci \u201cMio passo indietro? Indichino candidato, se unitario\u2026\u201d"},"content":{"rendered":"<div>\n<p>PALERMO (ITALPRESS) \u2013 \u201cLa politica \u00e8 la grande assente in questa vicenda. L\u2019obiettivo \u00e8 fare l\u2019election day, non tre mesi prima ma 40 giorni prima della scadenza naturale. Le dimissioni sono dettate dal buon senso, sia per evitare che i siciliani nello spazio di un mese vadano due volte a votare sia per risparmiare 20 milioni di euro di denaro pubblico, per evitare la crescita dei contagi e non chiudere le scuole due volte\u201d. Lo dice, in un\u2019intervista al Corriere della Sera, Nello Musumeci, presidente dimissionario della Regione Siciliana. \u201cSto governando la Regione anche con FI e Lega \u2013 prosegue \u2013 dal primo giorno. Se non fosse stato per l\u2019election day, avrei continuato fino alla scadenza del 6 novembre in piena autonomia con un governo che ha gli stessi assessori e gli stessi partiti di 5 anni fa\u201d. Miccich\u00e8? \u201cGli attacchi sono frutto di ossessione, visto che quel partito ha lasciato i suoi a ben governare con me fino ad oggi. Come la Lega. In cinque anni abbiamo sostituito appena 4 assessori e non 56 come era accaduto con il governo a guida Pd\u201d. I suoi non la vogliono, presidente. Questo dichiarano. \u201cI miei chi? Da giugno dico che sono disponibile a guidare il Centrodestra di nuovo alla vittoria. Ma pronto, se risultassi divisivo, a fare un passo di lato\u201d. Che non fa. \u201cE dovrei farlo a favore di chi? Indichino un candidato, se unitario lavoreremo per lui. Lo cercano da mesi\u2026\u201d. \u201cSono stato io a chiedere alla Meloni di non insistere con gli alleati nella difesa della mia ricandidatura. Ringrazio Giorgia per la tenacia, la determinazione con cui ha sostenuto il mio diritto a un secondo mandato\u201d. Salvini spera per un suo uomo. Come Miccich\u00e8 per Stefania Prestigiacomo. \u201cNe ha proposti tanti FI. Anche Schifani, Patrizia Monterosso, altri. Il nome pi\u00f9 interessante \u00e8 certo quello dello stesso Miccich\u00e8, del quale non si \u00e8 pi\u00f9 parlato. Naufragato. E non si capisce perch\u00e8, nonostante l\u2019avallo dell\u2019ala filogovernativa di FI, di quanti sono in giunta con me\u201d.<br \/>\n(ITALPRESS).<div id=\"div-gpt-ad-Messinaoggi.it-DSK-300x250-corpoart\" style=\"text-align:center;margin:0 auto;\"><\/div><\/p>\n<p>\u2013 foto Italpress \u2013<div id=\"videoincontent\" style=\"clear:both\";><\/div><\/p>\n<\/div>\n","protected":false},"excerpt":{"rendered":"<p>PALERMO (ITALPRESS) \u2013 \u201cLa politica \u00e8 la grande assente in questa vicenda. L\u2019obiettivo \u00e8 fare l\u2019election day, non tre mesi prima ma 40 giorni prima della scadenza naturale. Le dimissioni sono dettate dal buon senso, sia per evitare che i siciliani nello spazio di un mese vadano due volte a votare sia per risparmiare 20 [&hellip;]<\/p>\n","protected":false},"author":18,"featured_media":117132,"comment_status":"closed","ping_status":"closed","sticky":false,"template":"","format":"standard","meta":{"ub_ctt_via":"","_mi_skip_tracking":false},"categories":[2449],"tags":[783],"featured_image_src":"https:\/\/www.messinaoggi.it\/website\/wp-content\/uploads\/2022\/08\/20220806_0081-1.jpg","author_info":{"display_name":"Admin","author_link":"https:\/\/www.messinaoggi.it\/website\/author\/admin\/"},"digistream_id":0,"digistream":false,"_links":{"self":[{"href":"https:\/\/www.messinaoggi.it\/website\/wp-json\/wp\/v2\/posts\/117131"}],"collection":[{"href":"https:\/\/www.messinaoggi.it\/website\/wp-json\/wp\/v2\/posts"}],"about":[{"href":"https:\/\/www.messinaoggi.it\/website\/wp-json\/wp\/v2\/types\/post"}],"author":[{"embeddable":true,"href":"https:\/\/www.messinaoggi.it\/website\/wp-json\/wp\/v2\/users\/18"}],"replies":[{"embeddable":true,"href":"https:\/\/www.messinaoggi.it\/website\/wp-json\/wp\/v2\/comments?post=117131"}],"version-history":[{"count":0,"href":"https:\/\/www.messinaoggi.it\/website\/wp-json\/wp\/v2\/posts\/117131\/revisions"}],"wp:featuredmedia":[{"embeddable":true,"href":"https:\/\/www.messinaoggi.it\/website\/wp-json\/wp\/v2\/media\/117132"}],"wp:attachment":[{"href":"https:\/\/www.messinaoggi.it\/website\/wp-json\/wp\/v2\/media?parent=117131"}],"wp:term":[{"taxonomy":"category","embeddable":true,"href":"https:\/\/www.messinaoggi.it\/website\/wp-json\/wp\/v2\/categories?post=117131"},{"taxonomy":"post_tag","embeddable":true,"href":"https:\/\/www.messinaoggi.it\/website\/wp-json\/wp\/v2\/tags?post=117131"}],"curies":[{"name":"wp","href":"https:\/\/api.w.org\/{rel}","templated":true}]}}