{"id":117127,"date":"2022-08-06T08:47:53","date_gmt":"2022-08-06T06:47:53","guid":{"rendered":"https:\/\/www.messinaoggi.it\/website\/2022\/08\/06\/regione-chinnici-destra-battibile-con-m5s-e-gli-altri-alleati\/"},"modified":"2022-08-06T08:47:53","modified_gmt":"2022-08-06T06:47:53","slug":"regione-chinnici-destra-battibile-con-m5s-e-gli-altri-alleati","status":"publish","type":"post","link":"https:\/\/www.messinaoggi.it\/website\/2022\/08\/06\/regione-chinnici-destra-battibile-con-m5s-e-gli-altri-alleati\/","title":{"rendered":"Regione, Chinnici \u201cDestra battibile con M5s e gli altri alleati\u201d"},"content":{"rendered":"<div>\n<p>PALERMO (ITALPRESS) \u2013 \u201cPd e Movimento 5Stelle hanno portato avanti in questi anni all\u2019Ars un impegno comune su molti temi cruciali: per esempio la tutela dell\u2019ambiente, la lotta alle diseguaglianze, il salario minimo, e c\u2019\u00e8 stata poi la condivisione dell\u2019esperienza delle primarie. Penso sia un patrimonio da nondisperdere e considero il Movimento una forza trainante di questo percorso fatto in Sicilia e un alleato fondamentale per vincere questa sfida. Conto sul sostegno del M5S e ho molto apprezzato i segnali dati in questi giorni da alcuni dei suoi principali esponenti\u201d. Lo dice, in un\u2019intervista al quotidiano Repubblica, Caterina Chinnici, candidata alla Presidenza della Regione Siciliana per il Centrosinistra. Barbara Floridia e Claudio Fava? \u201cCon loro durante le primarie abbiamo svolto dialoghi tematici stimolanti e sempre in un clima di grande serenit\u00e0. Stabiliremo insieme in che modo collaborare durante la campagna elettorale\u201d. La porta della coalizione \u00e8 aperta ad Azione e +Europa? \u201cDal mio punto di vista s\u00ec, certamente\u201d. Se fosse presidente della Regione cosa farebbe nei primi cento giorni del suo governo? \u201cForse, per dare l\u2019idea del mio approccio, dovrei rispondere che non c\u2019\u00e8 qualcosa che rimanderei oltre i primi cento giorni, ma so che tutto ha i suoi tempi. Penso alla necessit\u00e0 di dare forte impulso alla spesa dei fondi europei, per esempio, ma penso anche alla necessit\u00e0 di fare sentire subito forte la presenza della Regione al fianco dei pi\u00f9 deboli e bisognosi, di chi vive nel disagio\u2026\u201d.<br \/>(ITALPRESS).<div id=\"div-gpt-ad-Messinaoggi.it-DSK-300x250-corpoart\" style=\"text-align:center;margin:0 auto;\"><\/div><\/p>\n<p>\u2013 credit photo agenziafotogramma.it \u2013<div id=\"videoincontent\" style=\"clear:both\";><\/div><\/p>\n<\/div>\n","protected":false},"excerpt":{"rendered":"<p>PALERMO (ITALPRESS) \u2013 \u201cPd e Movimento 5Stelle hanno portato avanti in questi anni all\u2019Ars un impegno comune su molti temi cruciali: per esempio la tutela dell\u2019ambiente, la lotta alle diseguaglianze, il salario minimo, e c\u2019\u00e8 stata poi la condivisione dell\u2019esperienza delle primarie. Penso sia un patrimonio da nondisperdere e considero il Movimento una forza trainante [&hellip;]<\/p>\n","protected":false},"author":18,"featured_media":117128,"comment_status":"closed","ping_status":"closed","sticky":false,"template":"","format":"standard","meta":{"ub_ctt_via":"","_mi_skip_tracking":false},"categories":[2449],"tags":[783],"featured_image_src":"https:\/\/www.messinaoggi.it\/website\/wp-content\/uploads\/2022\/08\/20220806_0089.jpg","author_info":{"display_name":"Admin","author_link":"https:\/\/www.messinaoggi.it\/website\/author\/admin\/"},"digistream_id":0,"digistream":false,"_links":{"self":[{"href":"https:\/\/www.messinaoggi.it\/website\/wp-json\/wp\/v2\/posts\/117127"}],"collection":[{"href":"https:\/\/www.messinaoggi.it\/website\/wp-json\/wp\/v2\/posts"}],"about":[{"href":"https:\/\/www.messinaoggi.it\/website\/wp-json\/wp\/v2\/types\/post"}],"author":[{"embeddable":true,"href":"https:\/\/www.messinaoggi.it\/website\/wp-json\/wp\/v2\/users\/18"}],"replies":[{"embeddable":true,"href":"https:\/\/www.messinaoggi.it\/website\/wp-json\/wp\/v2\/comments?post=117127"}],"version-history":[{"count":0,"href":"https:\/\/www.messinaoggi.it\/website\/wp-json\/wp\/v2\/posts\/117127\/revisions"}],"wp:featuredmedia":[{"embeddable":true,"href":"https:\/\/www.messinaoggi.it\/website\/wp-json\/wp\/v2\/media\/117128"}],"wp:attachment":[{"href":"https:\/\/www.messinaoggi.it\/website\/wp-json\/wp\/v2\/media?parent=117127"}],"wp:term":[{"taxonomy":"category","embeddable":true,"href":"https:\/\/www.messinaoggi.it\/website\/wp-json\/wp\/v2\/categories?post=117127"},{"taxonomy":"post_tag","embeddable":true,"href":"https:\/\/www.messinaoggi.it\/website\/wp-json\/wp\/v2\/tags?post=117127"}],"curies":[{"name":"wp","href":"https:\/\/api.w.org\/{rel}","templated":true}]}}