{"id":117125,"date":"2022-08-06T08:47:51","date_gmt":"2022-08-06T06:47:51","guid":{"rendered":"https:\/\/www.messinaoggi.it\/website\/2022\/08\/06\/prestigiacomo-centrodestra-unito-pronta-a-candidarmi-per-mia-regione\/"},"modified":"2022-08-06T08:47:51","modified_gmt":"2022-08-06T06:47:51","slug":"prestigiacomo-centrodestra-unito-pronta-a-candidarmi-per-mia-regione","status":"publish","type":"post","link":"https:\/\/www.messinaoggi.it\/website\/2022\/08\/06\/prestigiacomo-centrodestra-unito-pronta-a-candidarmi-per-mia-regione\/","title":{"rendered":"Prestigiacomo \u201cCentrodestra unito, pronta a candidarmi per mia regione\u201d"},"content":{"rendered":"<div>\n<p>ROMA (ITALPRESS) \u2013 \u201cIl presidente Berlusconi in questi anni mi ha affidato importanti ruoli di responsabilit\u00e0 istituzionale. Ora Forza Italia mi chiede di impegnarmi per la mia Regione. Di questo ne sono onorata e orgogliosa, lo ringrazio per la rinnovata fiducia. Ho accettato la proposta, evidenziando che la soluzione vincente sia quella dell\u2019unit\u00e0. Il tratto distintivo del centrodestra \u00e8 sempre stato la compattezza. Mi rimetto, pertanto, alle scelte che per la Sicilia si faranno a livello nazionale\u201d. Lo dice, in un\u2019intervista al quotidiano Il Giornale, la parlamentare azzurra siciliana Stefania Prestigiacomo. \u201cRifiuti, acqua, energia e sblocco delle autorizzazioni giacenti \u2013 continua Prestigiacomo \u2013 per i progetti di sviluppo sono priorit\u00e0 assolute, sia in termini di soluzione di problemi storici, che di prospettive di crescita. C\u2019\u00e8 anche il nodo delle infrastrutture che ci vede penalizzati anche se bisogna dare atto che nell\u2019ultimo quinquennio si \u00e8 ripartiti\u201d. E poi il Ponte sullo Stretto. \u201cE\u2019 l\u2019aspirazione dei siciliani da generazioni. Prima era un sogno oggi \u00e8 una possibilit\u00e0 concreta. Sarebbe uno straordinario monumento alla modernit\u00e0. Darebbe concretezza alla centralit\u00e0 della Sicilia nel mediterraneo. Una storica svolta per il commercio, l\u2019industria e il turismo. Non una cattedrale nel deserto, come dice la Sinistra, ma il volano della crescita dell\u2019Isola\u201d. Nello Musumeci insiste sulla sua (ri)candidatura. \u201cSono convinta che il Centrodestra eviter\u00e0 una nuova Verona, spaccandosi e rischiando di regalare la vittoria alla Sinistra che in Sicilia riproporrebbe una sorta di tristissima restaurazione crocettiana. Assicuro che, al di l\u00e0 della dialettica di questi anni con Musumeci, Miccich\u00e8 e Forza Italia lavorano per l\u2019unit\u00e0 del Centrodestra che \u00e8 l\u2019unica soluzione vincente\u201d.<br \/>(ITALPRESS).<div id=\"div-gpt-ad-Messinaoggi.it-DSK-300x250-corpoart\" style=\"text-align:center;margin:0 auto;\"><\/div><\/p>\n<p>\u2013 credit photo agenziafotogramma.it \u2013<div id=\"videoincontent\" style=\"clear:both\";><\/div><\/p>\n<\/div>\n","protected":false},"excerpt":{"rendered":"<p>ROMA (ITALPRESS) \u2013 \u201cIl presidente Berlusconi in questi anni mi ha affidato importanti ruoli di responsabilit\u00e0 istituzionale. Ora Forza Italia mi chiede di impegnarmi per la mia Regione. Di questo ne sono onorata e orgogliosa, lo ringrazio per la rinnovata fiducia. Ho accettato la proposta, evidenziando che la soluzione vincente sia quella dell\u2019unit\u00e0. Il tratto [&hellip;]<\/p>\n","protected":false},"author":18,"featured_media":117126,"comment_status":"closed","ping_status":"closed","sticky":false,"template":"","format":"standard","meta":{"ub_ctt_via":"","_mi_skip_tracking":false},"categories":[2449],"tags":[783],"featured_image_src":"https:\/\/www.messinaoggi.it\/website\/wp-content\/uploads\/2022\/08\/20220806_0090.jpg","author_info":{"display_name":"Admin","author_link":"https:\/\/www.messinaoggi.it\/website\/author\/admin\/"},"digistream_id":0,"digistream":false,"_links":{"self":[{"href":"https:\/\/www.messinaoggi.it\/website\/wp-json\/wp\/v2\/posts\/117125"}],"collection":[{"href":"https:\/\/www.messinaoggi.it\/website\/wp-json\/wp\/v2\/posts"}],"about":[{"href":"https:\/\/www.messinaoggi.it\/website\/wp-json\/wp\/v2\/types\/post"}],"author":[{"embeddable":true,"href":"https:\/\/www.messinaoggi.it\/website\/wp-json\/wp\/v2\/users\/18"}],"replies":[{"embeddable":true,"href":"https:\/\/www.messinaoggi.it\/website\/wp-json\/wp\/v2\/comments?post=117125"}],"version-history":[{"count":0,"href":"https:\/\/www.messinaoggi.it\/website\/wp-json\/wp\/v2\/posts\/117125\/revisions"}],"wp:featuredmedia":[{"embeddable":true,"href":"https:\/\/www.messinaoggi.it\/website\/wp-json\/wp\/v2\/media\/117126"}],"wp:attachment":[{"href":"https:\/\/www.messinaoggi.it\/website\/wp-json\/wp\/v2\/media?parent=117125"}],"wp:term":[{"taxonomy":"category","embeddable":true,"href":"https:\/\/www.messinaoggi.it\/website\/wp-json\/wp\/v2\/categories?post=117125"},{"taxonomy":"post_tag","embeddable":true,"href":"https:\/\/www.messinaoggi.it\/website\/wp-json\/wp\/v2\/tags?post=117125"}],"curies":[{"name":"wp","href":"https:\/\/api.w.org\/{rel}","templated":true}]}}