{"id":11707,"date":"2017-11-21T16:54:39","date_gmt":"2017-11-21T15:54:39","guid":{"rendered":"http:\/\/www.messinaoggi.it\/website\/?p=11707"},"modified":"2017-11-21T16:54:39","modified_gmt":"2017-11-21T15:54:39","slug":"confcommercio-e-la-sfida-al-crimine-nella-giornata-della-legalita","status":"publish","type":"post","link":"https:\/\/www.messinaoggi.it\/website\/2017\/11\/21\/confcommercio-e-la-sfida-al-crimine-nella-giornata-della-legalita\/","title":{"rendered":"Confcommercio e la sfida al crimine nella giornata della legalit\u00e0"},"content":{"rendered":"<p>La Confcommercio Messina ha \u201ccelebrato\u201d con un partecipato convegno la giornata della legalit\u00e0 promossa a livello nazionale dall\u2019Associazione di categoria. Alla Camera di Commercio, alla presenza di numerosi uditori, fra cui studenti delle scuole Iaci, Nautico e Maurolico, si sono susseguite le relazioni degli ospiti invitati per l\u2019occasione.<br \/>\nS\u2019\u00e8 parlato di racket, usura e contraffazioni con il vice prefetto, <strong>Natalia Ruggeri<\/strong>, don <strong>Sergio Siracusano<\/strong>, in rappresentanza dell\u2019arcivescovo, <strong>Giuseppe Scandurra<\/strong>, gi\u00e0 presidente della Fai, <strong>Clelia Fiore<\/strong>, del direttivo Fai provinciale, e con il prof. <strong>Ferdinando Ofria<\/strong>, docente all\u2019Universit\u00e0 di Messina e consulente della Commissione d\u2019inchiesta parlamentare sui fenomeni della contraffazione. Intervenuti per porgere i saluti istituzionali, il presidente della Camera di Commercio, <strong>Ivo Blandina<\/strong> e il commissario straordinario della Citt\u00e0 Metropolitana di Messina, <strong>Francesco Calanna.<\/strong><br \/>\n<img loading=\"lazy\" class=\" wp-image-11710 alignright\" src=\"http:\/\/www.messinaoggi.it\/website\/wp-content\/uploads\/2017\/11\/RRP_5340-300x200.jpg\" alt=\"\" width=\"407\" height=\"271\" \/><br \/>\nI lavori sono stati introdotti dal presidente di Confcommercio, Carmelo Picciotto, il quale ha ringraziato le autorit\u00e0 intervenute, gli ospiti e in modo particolare le scuole presenti nel Salone della Borsa della Camera di Commercio.<br \/>\nL\u2019intervento di Picciotto \u00e8 stato incentrato soprattutto sul fenomeno della contraffazione e sulle politiche necessarie per arginare una prassi ormai troppo diffusa nel nostro Paese e, in particolare, nella provincia di Messina. \u201cLa contraffazione alimenta un\u2019economia sommersa che sfugge ad ogni forma di controllo. Il danno che ne deriva per la nostra economia \u00e8 notevole ma lo \u00e8 ancor di pi\u00f9 per i commercianti che sono costretti a fare i conti con una concorrenza spietata. I prodotti contraffatti hanno un prezzo di gran lunga inferiore e questo spinge l\u2019acquirente a rivolgersi a un mercato parallelo che sfugge anche al Fisco. Il fenomeno della contraffazione, e mi rivolgo soprattutto ai ragazzi, sottrae diverse centinaia di migliaia di posti di lavoro. L\u2019incontro di oggi \u00e8 importante perch\u00e9 attraverso i nostri ospiti intendiamo sensibilizzare l\u2019opinione pubblica, mettendo in guardia i cittadini anche su fenomeni come il racket e l\u2019usura. Autentiche piaghe che sottraggono profitti ai nostri commercianti\u201d.<br \/>\n<img loading=\"lazy\" class=\"alignnone wp-image-11712\" src=\"http:\/\/www.messinaoggi.it\/website\/wp-content\/uploads\/2017\/11\/RRP_5303-300x200.jpg\" alt=\"\" width=\"411\" height=\"274\" \/><div id=\"div-gpt-ad-Messinaoggi.it-DSK-300x250-corpoart\" style=\"text-align:center;margin:0 auto;\"><\/div><\/p>\n<div id=\"videoincontent\" style=\"clear:both\";><\/div>","protected":false},"excerpt":{"rendered":"<p>La Confcommercio Messina ha \u201ccelebrato\u201d con un partecipato convegno la giornata della legalit\u00e0 promossa a livello nazionale dall\u2019Associazione di categoria. Alla Camera di Commercio, alla presenza di numerosi uditori, fra cui studenti delle scuole Iaci, Nautico e Maurolico, si sono susseguite le relazioni degli ospiti invitati per l\u2019occasione. S\u2019\u00e8 parlato di racket, usura e contraffazioni [&hellip;]<\/p>\n","protected":false},"author":2,"featured_media":11711,"comment_status":"closed","ping_status":"open","sticky":false,"template":"","format":"standard","meta":{"ub_ctt_via":"","_mi_skip_tracking":false},"categories":[19],"tags":[],"featured_image_src":"https:\/\/www.messinaoggi.it\/website\/wp-content\/uploads\/2017\/11\/RRP_5357.jpg","author_info":{"display_name":"Redazione","author_link":"https:\/\/www.messinaoggi.it\/website\/author\/redazione\/"},"digistream_id":0,"digistream":false,"_links":{"self":[{"href":"https:\/\/www.messinaoggi.it\/website\/wp-json\/wp\/v2\/posts\/11707"}],"collection":[{"href":"https:\/\/www.messinaoggi.it\/website\/wp-json\/wp\/v2\/posts"}],"about":[{"href":"https:\/\/www.messinaoggi.it\/website\/wp-json\/wp\/v2\/types\/post"}],"author":[{"embeddable":true,"href":"https:\/\/www.messinaoggi.it\/website\/wp-json\/wp\/v2\/users\/2"}],"replies":[{"embeddable":true,"href":"https:\/\/www.messinaoggi.it\/website\/wp-json\/wp\/v2\/comments?post=11707"}],"version-history":[{"count":0,"href":"https:\/\/www.messinaoggi.it\/website\/wp-json\/wp\/v2\/posts\/11707\/revisions"}],"wp:featuredmedia":[{"embeddable":true,"href":"https:\/\/www.messinaoggi.it\/website\/wp-json\/wp\/v2\/media\/11711"}],"wp:attachment":[{"href":"https:\/\/www.messinaoggi.it\/website\/wp-json\/wp\/v2\/media?parent=11707"}],"wp:term":[{"taxonomy":"category","embeddable":true,"href":"https:\/\/www.messinaoggi.it\/website\/wp-json\/wp\/v2\/categories?post=11707"},{"taxonomy":"post_tag","embeddable":true,"href":"https:\/\/www.messinaoggi.it\/website\/wp-json\/wp\/v2\/tags?post=11707"}],"curies":[{"name":"wp","href":"https:\/\/api.w.org\/{rel}","templated":true}]}}