{"id":11706,"date":"2017-11-21T13:39:04","date_gmt":"2017-11-21T12:39:04","guid":{"rendered":"http:\/\/www.messinaoggi.it\/website\/?p=11706"},"modified":"2017-11-21T13:39:04","modified_gmt":"2017-11-21T12:39:04","slug":"pd-dal-23-novembre-al-17-dicembre-lepoca-dei-circoli-dopo-4-anni-entro-oggi-nomina-commissione","status":"publish","type":"post","link":"https:\/\/www.messinaoggi.it\/website\/2017\/11\/21\/pd-dal-23-novembre-al-17-dicembre-lepoca-dei-circoli-dopo-4-anni-entro-oggi-nomina-commissione\/","title":{"rendered":"Pd, dal 23 novembre al 17 dicembre l\u2019epoca dei Circoli dopo 4 anni. Entro oggi nomina Commissione"},"content":{"rendered":"<p style=\"text-align: justify;\">Si \u00e8 realizzato il massimo coinvolgimento di tutte le Aree politiche e sono stati approvati il Regolamento ed i Congressi dei Circoli del Partito Democratico. E\u2019 stato deciso che,\u00a0<strong>dal 23 novembre al 17 dicembre, verranno effettuati tutti i Circoli di tutta la provincia di Messina compresi i sei corrispondenti alle sei Circoscrizioni, dopo ben quattro anni e mezzo. Questo \u00e8 l\u2019esito della Direzione provinciale del Pd, all\u2019indomani delle Elezioni Regionali<\/strong> con l\u2019analisi del voto da parte dei vari partecipanti che sono attestati in parecchi, circa 700. La formazione politica avr\u00e0 il suo radicamento e ricompattamento sul territorio. <strong>A proporre il Regolamento e le date per i Congressi \u00e8 stato il Segretario provinciale Paolo Starvaggi che chiarisce come ogni Circolo compaia in ogni comune che registra pi\u00f9 di 15 iscritti.<\/strong><div id=\"div-gpt-ad-Messinaoggi.it-DSK-300x250-corpoart\" style=\"text-align:center;margin:0 auto;\"><\/div><\/p>\n<p style=\"text-align: justify;\">\u201cA Messina si passer\u00e0 da 50 a sei circoli relativi appunto alla divisione dei quartieri \u2013 puntualizza il responsabile \u2013 avvocato \u2013 e, la novit\u00e0 assoluta, ogni comune sar\u00e0 rappresentato da un solo circolo e non di pi\u00f9. <strong>Alle prossime Politiche Nazionali arriveremo ad essere presenti in tutto il territorio, un\u2019espansione eterogenea che nessun altra fazione possiede. Una volta insediati i Coordinamenti di Circolo che nomineranno il Segretario cittadino, si aprir\u00e0 il tesseramento 2017 che avr\u00e0 luogo fino a febbraio 2018;<\/strong> come \u00e8 stato eseguito il tesseramento 2016 fino a febbraio di quest\u2019anno. Ci saranno confermati tutti gli aderenti fino a quella data ma ci sar\u00e0 anche l\u2019opportunit\u00e0 di captare ulteriori seguaci. Nel nostro Statuto, per fare la raccolta tessere \u00e8 necessario che ci siano i Circoli pronti oppure, come l\u2019anno, che \u00e8 stata autorizzata direttamente da Roma visto che il partito si trovava anche in una condizione di commissariamento. Lo strumento Circoli \u00e8 fondamentale per fare crescere il nostro gruppo, \u00e8 un requisito senza il quale per Statuto questo non si pu\u00f2 verificare\u201d.<div id=\"videoincontent\" style=\"clear:both\";><\/div><\/p>\n<p style=\"text-align: justify;\"><strong><img loading=\"lazy\" class=\"size-medium wp-image-11714 alignright\" src=\"http:\/\/www.messinaoggi.it\/website\/wp-content\/uploads\/2017\/11\/Pd-congresso-provinciale-teatro-messina-starvaggi-antoci-messinaoggiMR-300x169.jpg\" alt=\"\" width=\"300\" height=\"169\" \/><\/strong><\/p>\n<p style=\"text-align: justify;\"><strong>Dopo il 18 dicembre, sar\u00e0 poi stilato un calendario, con giornate prestabilite, per ogni Circolo con cui allargare gli orizzonti del Partito Democratico.<\/strong> \u201cUn fatto che non si concretizzava da oltre quattro anni &#8211; tiene a ribadire Starvaggi -. Il Partito torna sul territorio attraverso le vecchie sezioni che ora sono denominate Circoli. <strong>Attraverso l\u2019anagrafe abbiamo individuato i comuni dove si conta quel limite numerico di 15 iscritti, per cui si raggiunge la quota di un\u2019ottantina di comuni, con altrettanti Circoli.<\/strong> Gli altri che si fermano al di sotto verranno accorpati alla cittadina pi\u00f9 vicina. <strong>Mercoled\u00ec 22 novembre, si insedier\u00e0 la Commissione del Congresso che nominer\u00f2, entro oggi, inserendo uomini e donne di tutte le sensibilit\u00e0 per garantire un pluralismo e partecipazione flessibili e a 360 gradi.<\/strong> Poi, questa Commissione, in base al regolamento, organizzer\u00e0 materialmente i Congressi\u201d.<\/p>\n<p style=\"text-align: justify;\">Lo staff in questione, composto fino a un totale di 11 membri, dovr\u00e0 rispondere alle esigenze di tutte le correnti esistenti perch\u00e9 il Partito si \u00e8 differenziato nel tempo.<\/p>\n<p style=\"text-align: justify;\">Oltre alle Aree Orlando, Emiliano e Renzi, in quest\u2019ultima, abbiamo Area Dem-Franceschini con Patrizio Marino Felice Calabr\u00f2, la componente LabDem con Nicola e Francesco Barbalace, quella che in linguaggio mediatico \u00e8 conosciuta come corrente \u201cuniversitaria\u201d alimentata dal neo deputato Franco De Domenico ma che Starvaggi chiama \u201csociet\u00e0 civile\u201d, la compagine che fa riferimento alla candidatura di Sciotto quindi costituita dal Vicesegretario Alessandro Russo, dal Presidente della IV Municipalit\u00e0, Francesco Palano Quero e dal deputato alla Camera Tommaso Curr\u00f2, infine l\u2019asse che fa capo alla mancata candidatura di Tani Isaja e Massimo Simeone con il Direttore dell\u2019Ang Giacomo D\u2019Arrigo. Questa \u00e8 una mappatura da battere senza perderne il filo maestro per non incorrere in ferimenti delle varie sensibilit\u00e0. Qualcuna potrebbe indicare pi\u00f9 di un volto per percentuale di voti conquistati. In ogni modo, \u00e8 lo stesso criterio utilizzato per mettere in piedi la Commissione del Congresso Provinciale dove a decidere \u00e8 stato il Commissario Ernesto Carbone e per le Primarie Nazionali. La Commissione si occupava, anche in queste circostanze, di gestire gli appuntamenti e di percorrere le sensibilit\u00e0 professionali.<\/p>\n<p style=\"text-align: justify;\">Starvaggi sta aspettando le istruzioni derivanti dalle singole sensibilit\u00e0 per fornire un quadro del ricompattamento anche se quest\u2019aspetto si evincerebbe gi\u00e0 dall\u2019approvazione di questo cammino e del Regolamento e dalla voglia di impegnarsi nel comprensorio, al di l\u00e0 della sconfitta del Pd alle Regionali. Per quanto riguarda l\u2019ex parlamentare Laccoto, buona parte della Segreteria \u00e8 afferente a lui per la Dirigenza e l\u2019adesione alla Direzione ed \u00e8 stata espressa da lui. Per esempio, della cosiddetta corrente \u201cUniversit\u00e0\u201d ci dovrebbe essere Pietro Corona che era stata gi\u00e0 identificato.<\/p>\n","protected":false},"excerpt":{"rendered":"<p>Si \u00e8 realizzato il massimo coinvolgimento di tutte le Aree politiche e sono stati approvati il Regolamento ed i Congressi dei Circoli del Partito Democratico. E\u2019 stato deciso che,\u00a0dal 23 novembre al 17 dicembre, verranno effettuati tutti i Circoli di tutta la provincia di Messina compresi i sei corrispondenti alle sei Circoscrizioni, dopo ben quattro [&hellip;]<\/p>\n","protected":false},"author":7,"featured_media":11709,"comment_status":"closed","ping_status":"open","sticky":false,"template":"","format":"standard","meta":{"ub_ctt_via":"","_mi_skip_tracking":false},"categories":[6],"tags":[],"featured_image_src":"https:\/\/www.messinaoggi.it\/website\/wp-content\/uploads\/2017\/11\/Pd-Congresso-provinciale-teatro-vittorio-emanuele-messinaoggiMR.jpg","author_info":{"display_name":"Redazione1","author_link":"https:\/\/www.messinaoggi.it\/website\/author\/redazione1\/"},"digistream_id":0,"digistream":false,"_links":{"self":[{"href":"https:\/\/www.messinaoggi.it\/website\/wp-json\/wp\/v2\/posts\/11706"}],"collection":[{"href":"https:\/\/www.messinaoggi.it\/website\/wp-json\/wp\/v2\/posts"}],"about":[{"href":"https:\/\/www.messinaoggi.it\/website\/wp-json\/wp\/v2\/types\/post"}],"author":[{"embeddable":true,"href":"https:\/\/www.messinaoggi.it\/website\/wp-json\/wp\/v2\/users\/7"}],"replies":[{"embeddable":true,"href":"https:\/\/www.messinaoggi.it\/website\/wp-json\/wp\/v2\/comments?post=11706"}],"version-history":[{"count":0,"href":"https:\/\/www.messinaoggi.it\/website\/wp-json\/wp\/v2\/posts\/11706\/revisions"}],"wp:featuredmedia":[{"embeddable":true,"href":"https:\/\/www.messinaoggi.it\/website\/wp-json\/wp\/v2\/media\/11709"}],"wp:attachment":[{"href":"https:\/\/www.messinaoggi.it\/website\/wp-json\/wp\/v2\/media?parent=11706"}],"wp:term":[{"taxonomy":"category","embeddable":true,"href":"https:\/\/www.messinaoggi.it\/website\/wp-json\/wp\/v2\/categories?post=11706"},{"taxonomy":"post_tag","embeddable":true,"href":"https:\/\/www.messinaoggi.it\/website\/wp-json\/wp\/v2\/tags?post=11706"}],"curies":[{"name":"wp","href":"https:\/\/api.w.org\/{rel}","templated":true}]}}