{"id":117030,"date":"2022-08-05T13:07:55","date_gmt":"2022-08-05T11:07:55","guid":{"rendered":"https:\/\/www.messinaoggi.it\/website\/2022\/08\/05\/fico-serve-intervento-che-legalizzi-leutanasia\/"},"modified":"2022-08-05T13:07:55","modified_gmt":"2022-08-05T11:07:55","slug":"fico-serve-intervento-che-legalizzi-leutanasia","status":"publish","type":"post","link":"https:\/\/www.messinaoggi.it\/website\/2022\/08\/05\/fico-serve-intervento-che-legalizzi-leutanasia\/","title":{"rendered":"Fico \u201cServe intervento che legalizzi l\u2019eutanasia\u201d"},"content":{"rendered":"<div>ROMA (ITALPRESS) &#8211; &#8220;Ho letto le parole di Marco Cappato, che in questi giorni ha accompagnato in Svizzera la signora Elena, malata terminale che ha deciso di porre fine alla propria sofferenza. Possiamo solo a malapena immaginare le difficolt\u00e0 di questa scelta, il dolore che l&#8217;ha accompagnata: una scelta che merita un profondo rispetto e interroga le nostre coscienze. Vi confesso che motivo di rammarico in questa legislatura \u00e8 stato il mancato via libera del Parlamento a una legge sul fine vita. Una legge che sarebbe stata necessaria per dar seguito alla sentenza della Corte costituzionale e per fornire risposte alla nostra comunit\u00e0 su un tema estremamente sentito, delicato e complesso&#8221;. Cos\u00ec, in un post su Facebook, il presidente della Camera, Roberto Fico. &#8220;La proposta approvata da Montecitorio in prima lettura &#8211; osserva &#8211; era frutto di un compromesso tra le forze politiche. Sarebbe stato un primo passo, una prima doverosa risposta alle attese e alle angosce di tanti cittadini. Ma non \u00e8 stato sufficiente e questa legislatura si concluder\u00e0 senza una legge. E&#8217; una sconfitta per la politica a cui occorre porre rimedio. Chi \u00e8 malato, chi soffre, non pu\u00f2 aspettare, non merita il tergiversare delle istituzioni. Bisogna riconoscere il diritto di scegliere, il diritto di essere liberi, fino alla fine. Serve intervenire non solo con questa norma sul fine vita ma con un vero e proprio intervento che legalizzi l&#8217;eutanasia&#8221;, conclude Fico.<br \/>(ITALPRESS).<br \/>-foto Italpress-<\/div>\n<div id=\"div-gpt-ad-Messinaoggi.it-DSK-300x250-corpoart\" style=\"text-align:center;margin:0 auto;\"><\/div><\/p><div id=\"videoincontent\" style=\"clear:both\";><\/div>","protected":false},"excerpt":{"rendered":"<p>ROMA (ITALPRESS) &#8211; &#8220;Ho letto le parole di Marco Cappato, che in questi giorni ha accompagnato in Svizzera la signora Elena, malata terminale che ha deciso di porre fine alla propria sofferenza. Possiamo solo a malapena immaginare le difficolt\u00e0 di questa scelta, il dolore che l&#8217;ha accompagnata: una scelta che merita un profondo rispetto e [&hellip;]<\/p>\n","protected":false},"author":18,"featured_media":117031,"comment_status":"closed","ping_status":"closed","sticky":false,"template":"","format":"standard","meta":{"ub_ctt_via":"","_mi_skip_tracking":false},"categories":[446],"tags":[783],"featured_image_src":"https:\/\/www.messinaoggi.it\/website\/wp-content\/uploads\/2022\/08\/20220805_0424.jpg","author_info":{"display_name":"Admin","author_link":"https:\/\/www.messinaoggi.it\/website\/author\/admin\/"},"digistream_id":0,"digistream":false,"_links":{"self":[{"href":"https:\/\/www.messinaoggi.it\/website\/wp-json\/wp\/v2\/posts\/117030"}],"collection":[{"href":"https:\/\/www.messinaoggi.it\/website\/wp-json\/wp\/v2\/posts"}],"about":[{"href":"https:\/\/www.messinaoggi.it\/website\/wp-json\/wp\/v2\/types\/post"}],"author":[{"embeddable":true,"href":"https:\/\/www.messinaoggi.it\/website\/wp-json\/wp\/v2\/users\/18"}],"replies":[{"embeddable":true,"href":"https:\/\/www.messinaoggi.it\/website\/wp-json\/wp\/v2\/comments?post=117030"}],"version-history":[{"count":0,"href":"https:\/\/www.messinaoggi.it\/website\/wp-json\/wp\/v2\/posts\/117030\/revisions"}],"wp:featuredmedia":[{"embeddable":true,"href":"https:\/\/www.messinaoggi.it\/website\/wp-json\/wp\/v2\/media\/117031"}],"wp:attachment":[{"href":"https:\/\/www.messinaoggi.it\/website\/wp-json\/wp\/v2\/media?parent=117030"}],"wp:term":[{"taxonomy":"category","embeddable":true,"href":"https:\/\/www.messinaoggi.it\/website\/wp-json\/wp\/v2\/categories?post=117030"},{"taxonomy":"post_tag","embeddable":true,"href":"https:\/\/www.messinaoggi.it\/website\/wp-json\/wp\/v2\/tags?post=117030"}],"curies":[{"name":"wp","href":"https:\/\/api.w.org\/{rel}","templated":true}]}}