{"id":117015,"date":"2022-08-05T12:07:53","date_gmt":"2022-08-05T10:07:53","guid":{"rendered":"https:\/\/www.messinaoggi.it\/website\/2022\/08\/05\/salvini-non-ci-saranno-minestroni-maggioranza-sara-chiara\/"},"modified":"2022-08-05T19:04:17","modified_gmt":"2022-08-05T17:04:17","slug":"salvini-non-ci-saranno-minestroni-maggioranza-sara-chiara","status":"publish","type":"post","link":"https:\/\/www.messinaoggi.it\/website\/2022\/08\/05\/salvini-non-ci-saranno-minestroni-maggioranza-sara-chiara\/","title":{"rendered":"Salvini \u201cNon ci saranno minestroni, maggioranza sar\u00e0 chiara\u201d"},"content":{"rendered":"<div>LAMPEDUSA (AGRIGENTO) (ITALPRESS) &#8211; &#8220;Penso che chi vincer\u00e0, vincer\u00e0 di parecchio. Il voto degli italiani \u00e8 sacro e dall&#8217;aria che respiro percepisco che ci sar\u00e0 un voto chiaro, non ci sar\u00e0 bisogno minestroni con il Pd e M5S, per cinque anni ci sar\u00e0 una maggioranza chiara&#8221;. Lo ha detto il leader della Lega, Matteo Salvini, nel corso di un punto stampa a Lampedusa. &#8220;Fortunatamente gli italiani che incontro hanno le idee chiare, la mia ambizione \u00e8 che se il centrodestra vincer\u00e0 la Lega avr\u00e0 pi\u00f9 degli altri&#8221;, ha aggiunto. &#8220;L&#8217;emergenza in questo momento \u00e8 e sar\u00e0 il lavoro per i prossimi anni, non sono ossessionato dalla Fornero, ma il ritorno della legge Fornero sarebbe un disastro. Il lavoro \u00e8 centrale, riforma delle pensioni, riforma fiscale e reintroduzione dei voucher. Il ponte sullo Stretto &#8211; ha sottolineato &#8211; darebbe lavoro, avvicinerebbe Sicilia e Calabria, a me piacerebbe occuparmi di questo, non di sbarchi, barchini, barconi e morti. Con noi al governo garantiamo che ci saranno meno problemi di sicurezza e immigrazione&#8221;.<br \/>(ITALPRESS).<br \/>-foto agenziafotogramma-<\/div>\n<div id=\"div-gpt-ad-Messinaoggi.it-DSK-300x250-corpoart\" style=\"text-align:center;margin:0 auto;\"><\/div><\/p><div id=\"videoincontent\" style=\"clear:both\";><\/div>","protected":false},"excerpt":{"rendered":"<p>LAMPEDUSA (AGRIGENTO) (ITALPRESS) &#8211; &#8220;Penso che chi vincer\u00e0, vincer\u00e0 di parecchio. Il voto degli italiani \u00e8 sacro e dall&#8217;aria che respiro percepisco che ci sar\u00e0 un voto chiaro, non ci sar\u00e0 bisogno minestroni con il Pd e M5S, per cinque anni ci sar\u00e0 una maggioranza chiara&#8221;. Lo ha detto il leader della Lega, Matteo Salvini, [&hellip;]<\/p>\n","protected":false},"author":18,"featured_media":117016,"comment_status":"closed","ping_status":"closed","sticky":false,"template":"","format":"standard","meta":{"ub_ctt_via":"","_mi_skip_tracking":false},"categories":[446,4],"tags":[783],"featured_image_src":"https:\/\/www.messinaoggi.it\/website\/wp-content\/uploads\/2022\/08\/20220805_0344.jpg","author_info":{"display_name":"Admin","author_link":"https:\/\/www.messinaoggi.it\/website\/author\/admin\/"},"digistream_id":0,"digistream":false,"_links":{"self":[{"href":"https:\/\/www.messinaoggi.it\/website\/wp-json\/wp\/v2\/posts\/117015"}],"collection":[{"href":"https:\/\/www.messinaoggi.it\/website\/wp-json\/wp\/v2\/posts"}],"about":[{"href":"https:\/\/www.messinaoggi.it\/website\/wp-json\/wp\/v2\/types\/post"}],"author":[{"embeddable":true,"href":"https:\/\/www.messinaoggi.it\/website\/wp-json\/wp\/v2\/users\/18"}],"replies":[{"embeddable":true,"href":"https:\/\/www.messinaoggi.it\/website\/wp-json\/wp\/v2\/comments?post=117015"}],"version-history":[{"count":1,"href":"https:\/\/www.messinaoggi.it\/website\/wp-json\/wp\/v2\/posts\/117015\/revisions"}],"predecessor-version":[{"id":117085,"href":"https:\/\/www.messinaoggi.it\/website\/wp-json\/wp\/v2\/posts\/117015\/revisions\/117085"}],"wp:featuredmedia":[{"embeddable":true,"href":"https:\/\/www.messinaoggi.it\/website\/wp-json\/wp\/v2\/media\/117016"}],"wp:attachment":[{"href":"https:\/\/www.messinaoggi.it\/website\/wp-json\/wp\/v2\/media?parent=117015"}],"wp:term":[{"taxonomy":"category","embeddable":true,"href":"https:\/\/www.messinaoggi.it\/website\/wp-json\/wp\/v2\/categories?post=117015"},{"taxonomy":"post_tag","embeddable":true,"href":"https:\/\/www.messinaoggi.it\/website\/wp-json\/wp\/v2\/tags?post=117015"}],"curies":[{"name":"wp","href":"https:\/\/api.w.org\/{rel}","templated":true}]}}