{"id":117013,"date":"2022-08-05T12:07:52","date_gmt":"2022-08-05T10:07:52","guid":{"rendered":"https:\/\/www.messinaoggi.it\/website\/2022\/08\/05\/di-maio-calenda-sta-disgregando-la-coalizione-di-centrosinistra\/"},"modified":"2022-08-05T12:07:52","modified_gmt":"2022-08-05T10:07:52","slug":"di-maio-calenda-sta-disgregando-la-coalizione-di-centrosinistra","status":"publish","type":"post","link":"https:\/\/www.messinaoggi.it\/website\/2022\/08\/05\/di-maio-calenda-sta-disgregando-la-coalizione-di-centrosinistra\/","title":{"rendered":"Di Maio \u201cCalenda sta disgregando la coalizione di centrosinistra\u201d"},"content":{"rendered":"<div>ROMA (ITALPRESS) &#8211; &#8220;Dopo essere partito dal &#8216;grande centr\u00f2, Calenda \u00e8 diventato un &#8216;gregari\u00f2 della coalizione di centrosinistra. Di conseguenza, capisco le sue difficolt\u00e0 a spiegare, anche ai nuovi arrivati del suo partito e al suo elettorato, che alla fine si candida nel centrosinistra. Sorprende, per\u00f2, che alla fine proprio Calenda &#8211; che si innalza a paladino dell&#8217;anti-grillismo &#8211; nelle sue dichiarazioni e nei suoi tweet sia diventato il pi\u00f9 estremista di tutti. Con questo atteggiamento sta solo disgregando la coalizione di centrosinistra prima ancora che si formi, facendo un regalo alle destre.  Ovviamente Calenda pu\u00f2 fare quello che vuole, ma con meno arroganza e pi\u00f9 rispetto&#8221;. Cos\u00ec in una nota Luigi Di Maio, capo politico di Impegno Civico.<br \/>(ITALPRESS).<br \/>-foto Italpress-<\/div>\n<div id=\"div-gpt-ad-Messinaoggi.it-DSK-300x250-corpoart\" style=\"text-align:center;margin:0 auto;\"><\/div><\/p><div id=\"videoincontent\" style=\"clear:both\";><\/div>","protected":false},"excerpt":{"rendered":"<p>ROMA (ITALPRESS) &#8211; &#8220;Dopo essere partito dal &#8216;grande centr\u00f2, Calenda \u00e8 diventato un &#8216;gregari\u00f2 della coalizione di centrosinistra. Di conseguenza, capisco le sue difficolt\u00e0 a spiegare, anche ai nuovi arrivati del suo partito e al suo elettorato, che alla fine si candida nel centrosinistra. Sorprende, per\u00f2, che alla fine proprio Calenda &#8211; che si innalza [&hellip;]<\/p>\n","protected":false},"author":18,"featured_media":117014,"comment_status":"closed","ping_status":"closed","sticky":false,"template":"","format":"standard","meta":{"ub_ctt_via":"","_mi_skip_tracking":false},"categories":[446],"tags":[783],"featured_image_src":"https:\/\/www.messinaoggi.it\/website\/wp-content\/uploads\/2022\/08\/20220805_0311.jpg","author_info":{"display_name":"Admin","author_link":"https:\/\/www.messinaoggi.it\/website\/author\/admin\/"},"digistream_id":0,"digistream":false,"_links":{"self":[{"href":"https:\/\/www.messinaoggi.it\/website\/wp-json\/wp\/v2\/posts\/117013"}],"collection":[{"href":"https:\/\/www.messinaoggi.it\/website\/wp-json\/wp\/v2\/posts"}],"about":[{"href":"https:\/\/www.messinaoggi.it\/website\/wp-json\/wp\/v2\/types\/post"}],"author":[{"embeddable":true,"href":"https:\/\/www.messinaoggi.it\/website\/wp-json\/wp\/v2\/users\/18"}],"replies":[{"embeddable":true,"href":"https:\/\/www.messinaoggi.it\/website\/wp-json\/wp\/v2\/comments?post=117013"}],"version-history":[{"count":0,"href":"https:\/\/www.messinaoggi.it\/website\/wp-json\/wp\/v2\/posts\/117013\/revisions"}],"wp:featuredmedia":[{"embeddable":true,"href":"https:\/\/www.messinaoggi.it\/website\/wp-json\/wp\/v2\/media\/117014"}],"wp:attachment":[{"href":"https:\/\/www.messinaoggi.it\/website\/wp-json\/wp\/v2\/media?parent=117013"}],"wp:term":[{"taxonomy":"category","embeddable":true,"href":"https:\/\/www.messinaoggi.it\/website\/wp-json\/wp\/v2\/categories?post=117013"},{"taxonomy":"post_tag","embeddable":true,"href":"https:\/\/www.messinaoggi.it\/website\/wp-json\/wp\/v2\/tags?post=117013"}],"curies":[{"name":"wp","href":"https:\/\/api.w.org\/{rel}","templated":true}]}}