{"id":117011,"date":"2022-08-05T11:32:51","date_gmt":"2022-08-05T09:32:51","guid":{"rendered":"https:\/\/www.messinaoggi.it\/website\/2022\/08\/05\/musumeci-il-candidato-sono-io-fino-a-quando-la-coalizione-dice-no\/"},"modified":"2022-08-05T11:32:51","modified_gmt":"2022-08-05T09:32:51","slug":"musumeci-il-candidato-sono-io-fino-a-quando-la-coalizione-dice-no","status":"publish","type":"post","link":"https:\/\/www.messinaoggi.it\/website\/2022\/08\/05\/musumeci-il-candidato-sono-io-fino-a-quando-la-coalizione-dice-no\/","title":{"rendered":"Musumeci \u201cIl candidato sono io fino a quando la coalizione dice no\u201d"},"content":{"rendered":"<div>\n<p>CATANIA (ITALPRESS) \u2013 \u201cIl candidato della coalizione \u00e8 il presidente della Regione  uscente. Fino a quando la coalizione non dir\u00e0 no, Musumeci non pu\u00f2 essere, ce ne \u00e8 un altro\u2026\u201d. Lo ha detto il presidente della Regione Siciliana Nello Musumeci, oggi a Catania, a margine della posa della prima pietra della Cittadella Giudiziaria di viale Africa. \u201cSiamo con lo stesso governo dall\u2019inizio \u2013 ha aggiunto \u2013 con gli stessi assessori, abbiamo fatto Giunta e un\u2019altra ce ne sar\u00e0 luned\u00ec, abbiamo lavorato tranquillamente con l\u2019impegno di sempre\u201d. \u201cLa coalizione deve, eventualmente, trovare un che non sia catanese \u2013 perch\u00e8 una delle accuse che mi muovono \u00e8 di essere catanese \u2013 che non sia antipatico \u2013 perch\u00e8 pare che io sia antipatico \u2013 che non sia alto un metro e 85 \u2013 quindi qualcuno con una statura un p\u00f2 pi\u00f9 bassa, che non sia mai stato coerente idealmente, cio\u00e8 che abbia fatto il saltimbanchi. Che abbia avuto problemi giudiziari, perch\u00e8 chi non li ha avuti non pu\u00f2 fare il presidente della Regione. E\u2019 facile o non \u00e8 facile, trovare un candidato cos\u00ec\u2026\u201d.(ITALPRESS).<div id=\"div-gpt-ad-Messinaoggi.it-DSK-300x250-corpoart\" style=\"text-align:center;margin:0 auto;\"><\/div><\/p>\n<p>Photo credits: Fag<div id=\"videoincontent\" style=\"clear:both\";><\/div><\/p>\n<\/div>\n","protected":false},"excerpt":{"rendered":"<p>CATANIA (ITALPRESS) \u2013 \u201cIl candidato della coalizione \u00e8 il presidente della Regione uscente. Fino a quando la coalizione non dir\u00e0 no, Musumeci non pu\u00f2 essere, ce ne \u00e8 un altro\u2026\u201d. Lo ha detto il presidente della Regione Siciliana Nello Musumeci, oggi a Catania, a margine della posa della prima pietra della Cittadella Giudiziaria di viale [&hellip;]<\/p>\n","protected":false},"author":18,"featured_media":117012,"comment_status":"closed","ping_status":"closed","sticky":false,"template":"","format":"standard","meta":{"ub_ctt_via":"","_mi_skip_tracking":false},"categories":[2449],"tags":[783],"featured_image_src":"https:\/\/www.messinaoggi.it\/website\/wp-content\/uploads\/2022\/08\/20220805_0290.jpg","author_info":{"display_name":"Admin","author_link":"https:\/\/www.messinaoggi.it\/website\/author\/admin\/"},"digistream_id":0,"digistream":false,"_links":{"self":[{"href":"https:\/\/www.messinaoggi.it\/website\/wp-json\/wp\/v2\/posts\/117011"}],"collection":[{"href":"https:\/\/www.messinaoggi.it\/website\/wp-json\/wp\/v2\/posts"}],"about":[{"href":"https:\/\/www.messinaoggi.it\/website\/wp-json\/wp\/v2\/types\/post"}],"author":[{"embeddable":true,"href":"https:\/\/www.messinaoggi.it\/website\/wp-json\/wp\/v2\/users\/18"}],"replies":[{"embeddable":true,"href":"https:\/\/www.messinaoggi.it\/website\/wp-json\/wp\/v2\/comments?post=117011"}],"version-history":[{"count":0,"href":"https:\/\/www.messinaoggi.it\/website\/wp-json\/wp\/v2\/posts\/117011\/revisions"}],"wp:featuredmedia":[{"embeddable":true,"href":"https:\/\/www.messinaoggi.it\/website\/wp-json\/wp\/v2\/media\/117012"}],"wp:attachment":[{"href":"https:\/\/www.messinaoggi.it\/website\/wp-json\/wp\/v2\/media?parent=117011"}],"wp:term":[{"taxonomy":"category","embeddable":true,"href":"https:\/\/www.messinaoggi.it\/website\/wp-json\/wp\/v2\/categories?post=117011"},{"taxonomy":"post_tag","embeddable":true,"href":"https:\/\/www.messinaoggi.it\/website\/wp-json\/wp\/v2\/tags?post=117011"}],"curies":[{"name":"wp","href":"https:\/\/api.w.org\/{rel}","templated":true}]}}