{"id":117009,"date":"2022-08-05T11:07:53","date_gmt":"2022-08-05T09:07:53","guid":{"rendered":"https:\/\/www.messinaoggi.it\/website\/2022\/08\/05\/berlusconi-nel-centrodestra-mai-venuta-meno-lunita\/"},"modified":"2022-08-05T11:07:53","modified_gmt":"2022-08-05T09:07:53","slug":"berlusconi-nel-centrodestra-mai-venuta-meno-lunita","status":"publish","type":"post","link":"https:\/\/www.messinaoggi.it\/website\/2022\/08\/05\/berlusconi-nel-centrodestra-mai-venuta-meno-lunita\/","title":{"rendered":"Berlusconi \u201cNel centrodestra mai venuta meno l\u2019unit\u00e0\u201d"},"content":{"rendered":"<div>ROMA (ITALPRESS) &#8211; &#8220;Il centrodestra \u00e8 unito, dal 1994 ad oggi abbiamo avuto qualche divergenza ma non \u00e8 mai venuta meno l&#8217;unit\u00e0 di fondo del nostro schieramento&#8221;. Cos\u00ec il presidente di Forza Italia, Silvio Berlusconi, a Radio Monte Carlo. &#8220;Noi di Forza Italia siamo l&#8217;unica forza nel paese che pu\u00f2 dirsi liberare, garantista, europeista e atlantista. Nel programma comune con i nostri alleati &#8211; ha proseguito &#8211; come Forza Italia abbiamo contenuti specifici importanti dove prendiamo un solenne impegno con gli elettori&#8221;. Poi aggiunge: &#8220;I signori della sinistra hanno sempre in mente la patrimoniale, noi non accetteremo mai n\u00e8 una patrimoniale sulle case e sui risparmi, n\u00e8 una imposta di successione e n\u00e8 una imposta sulle donazioni&#8221;. &#8220;Uno dei temi che ci caratterizza da sempre \u00e8 la lotta all&#8217;oppressione fiscale, noi la vinceremo introducendo la flat tax al 23% che sar\u00e0 uguale per famiglie e imprese, cos\u00ec da rimettere in moto economia e occupazione&#8221;. Lo slogan del 1994 del miracolo italiano &#8220;non \u00e8 superato perch\u00e8 non \u00e8 uno slogan. Io l&#8217;ho scritto proprio per ricordare la continuit\u00e0 e la coerenza del nostro impegno per un Paese come l&#8217;Italia che, se messo nelle condizioni di farlo, pu\u00f2 compiere davvero un miracolo. Del resto, cito il 94, questo \u00e8 il Paese che amo&#8221; ha affermato il presidente degli azzurri. &#8220;Per il Paese che amo mi sento ancora la responsabilit\u00e0 di stare ancora in campo per garantirgli tutto quello che gli abbiamo sempre garantito&#8221;. Quindi \u00e8 tornato a parlare di pensioni: &#8220;Uno dei nostri primi impegni \u00e8 quello di aumentare tutte le pensioni almeno a 1.000 euro al mese per tredici mensilit\u00e0, non si pu\u00f2 vivere con meno. Pensioni che dobbiamo assicurare anche a una particolare categorie di persone anziane che hanno lavorato per tutta la vita che sono le nostre mamme e le nostre nonne&#8221;. Ma la &#8220;stessa attenzione dobbiamo averla per i giovani, i contratti di praticantato dovranno essere retribuiti almeno 1.000 euro al mese e- ha spiegato &#8211; incentiveremo le aziende ad assumere a tempo indeterminato i giovani al primo impiego&#8221;.<div id=\"div-gpt-ad-Messinaoggi.it-DSK-300x250-corpoart\" style=\"text-align:center;margin:0 auto;\"><\/div><\/p>\n<p>Foto: agenziafotogramma.it<div id=\"videoincontent\" style=\"clear:both\";><\/div><\/p>\n<p>(ITALPRESS).<\/p><\/div>\n","protected":false},"excerpt":{"rendered":"<p>ROMA (ITALPRESS) &#8211; &#8220;Il centrodestra \u00e8 unito, dal 1994 ad oggi abbiamo avuto qualche divergenza ma non \u00e8 mai venuta meno l&#8217;unit\u00e0 di fondo del nostro schieramento&#8221;. Cos\u00ec il presidente di Forza Italia, Silvio Berlusconi, a Radio Monte Carlo. &#8220;Noi di Forza Italia siamo l&#8217;unica forza nel paese che pu\u00f2 dirsi liberare, garantista, europeista e [&hellip;]<\/p>\n","protected":false},"author":18,"featured_media":117010,"comment_status":"closed","ping_status":"closed","sticky":false,"template":"","format":"standard","meta":{"ub_ctt_via":"","_mi_skip_tracking":false},"categories":[446],"tags":[783],"featured_image_src":"https:\/\/www.messinaoggi.it\/website\/wp-content\/uploads\/2022\/08\/20220805_0208.jpg","author_info":{"display_name":"Admin","author_link":"https:\/\/www.messinaoggi.it\/website\/author\/admin\/"},"digistream_id":0,"digistream":false,"_links":{"self":[{"href":"https:\/\/www.messinaoggi.it\/website\/wp-json\/wp\/v2\/posts\/117009"}],"collection":[{"href":"https:\/\/www.messinaoggi.it\/website\/wp-json\/wp\/v2\/posts"}],"about":[{"href":"https:\/\/www.messinaoggi.it\/website\/wp-json\/wp\/v2\/types\/post"}],"author":[{"embeddable":true,"href":"https:\/\/www.messinaoggi.it\/website\/wp-json\/wp\/v2\/users\/18"}],"replies":[{"embeddable":true,"href":"https:\/\/www.messinaoggi.it\/website\/wp-json\/wp\/v2\/comments?post=117009"}],"version-history":[{"count":0,"href":"https:\/\/www.messinaoggi.it\/website\/wp-json\/wp\/v2\/posts\/117009\/revisions"}],"wp:featuredmedia":[{"embeddable":true,"href":"https:\/\/www.messinaoggi.it\/website\/wp-json\/wp\/v2\/media\/117010"}],"wp:attachment":[{"href":"https:\/\/www.messinaoggi.it\/website\/wp-json\/wp\/v2\/media?parent=117009"}],"wp:term":[{"taxonomy":"category","embeddable":true,"href":"https:\/\/www.messinaoggi.it\/website\/wp-json\/wp\/v2\/categories?post=117009"},{"taxonomy":"post_tag","embeddable":true,"href":"https:\/\/www.messinaoggi.it\/website\/wp-json\/wp\/v2\/tags?post=117009"}],"curies":[{"name":"wp","href":"https:\/\/api.w.org\/{rel}","templated":true}]}}