{"id":116991,"date":"2022-08-04T23:07:52","date_gmt":"2022-08-04T21:07:52","guid":{"rendered":"https:\/\/www.messinaoggi.it\/website\/2022\/08\/04\/elezioni-salvini-sinistra-unita-solo-per-sconfiggere-il-centrodestra\/"},"modified":"2022-08-04T23:07:52","modified_gmt":"2022-08-04T21:07:52","slug":"elezioni-salvini-sinistra-unita-solo-per-sconfiggere-il-centrodestra","status":"publish","type":"post","link":"https:\/\/www.messinaoggi.it\/website\/2022\/08\/04\/elezioni-salvini-sinistra-unita-solo-per-sconfiggere-il-centrodestra\/","title":{"rendered":"Elezioni, Salvini \u201cSinistra unita solo per sconfiggere il Centrodestra\u201d"},"content":{"rendered":"<div>ROMA (ITALPRESS) &#8211; &#8220;Il Centrodestra \u00e8 unito per fare alcune cose: la pace fiscale, la flat tax al 15% che vorremmo estendere anche ai lavoratori dipendenti. A Sinistra si sono messi insieme dicendo &#8216;non andiamo d&#8217;accordo su niente, ma l&#8217;importante \u00e8 sconfiggere Salvini e il centrodestr\u00e0. Penso che gli italiani meritino coerenza&#8221;. Lo ha detto il leader della Lega, Matteo Salvini, a &#8220;Zona Bianca&#8221; su Rete4. &#8220;Il Centrodestra ha una priorit\u00e0: fermare la legge Fornero e avviare quota 41, per aiutare i sessantenni a godersi il riposo e i ventenni a entrare nel mercato del lavoro&#8221;. Per Salvini, pii, Se il centrodestra vincer\u00e0 le elezioni, il reddito di cittadinanza &#8220;sar\u00e0 modificato. Non dico cancellato, sar\u00e0 lasciato a chi non pu\u00f2 lavorare, come strumento di aiuto: penso ai disabili, a coloro che non possono lavorare e devono essere aiutati e protetti. Siccome ci sono un milione di italiani che percepiscono il reddito di cittadinanza e potrebbero lavorare, pensiamo sia giusto che, se rifiuti una offerta di lavoro, poi perdi il diritto ad averlo, per rispetto di chi si alza alle 6 della mattina e quei soldi se li va a guadagnare in fabbrica. Quindi aiutare chi non pu\u00f2 lavorare \u00e8 sacrosanto, accompagnare per qualche mese chi perde il lavoro &#8211; in attesa di trovarne un altro &#8211; \u00e8 giusto, ma lasciare per due, tre, quattro anni un assegno da centinaia di euro per non far nulla \u00e8 assolutamente immorale nei confronti dei pensionati e del lavoratori&#8221;. E ancora, un passaggio sul Covid. &#8220;L&#8217;impegno \u00e8 garantire la scuola in presenza per tutti. Ci sono impianti di aerazione, ci sono modi per arginare eventuali ricadute del Covid. Dal prossimo autunno, voglio sperare che la didattica a distanza sia un ricordo dei drammi del passato. Archiviare le politiche di Speranza e Lamorgese \u00e8 qualcosa su cui sento di potermi impegnare: la scuola \u00e8 un diritto per tutti, nessuno escluso&#8221;.<br \/>(ITALPRESS).<div id=\"div-gpt-ad-Messinaoggi.it-DSK-300x250-corpoart\" style=\"text-align:center;margin:0 auto;\"><\/div><\/p>\n<p>&#8211; credit photo agenziafotogramma.it &#8211;<div id=\"videoincontent\" style=\"clear:both\";><\/div><\/p><\/div>\n","protected":false},"excerpt":{"rendered":"<p>ROMA (ITALPRESS) &#8211; &#8220;Il Centrodestra \u00e8 unito per fare alcune cose: la pace fiscale, la flat tax al 15% che vorremmo estendere anche ai lavoratori dipendenti. A Sinistra si sono messi insieme dicendo &#8216;non andiamo d&#8217;accordo su niente, ma l&#8217;importante \u00e8 sconfiggere Salvini e il centrodestr\u00e0. Penso che gli italiani meritino coerenza&#8221;. Lo ha detto [&hellip;]<\/p>\n","protected":false},"author":18,"featured_media":116992,"comment_status":"closed","ping_status":"closed","sticky":false,"template":"","format":"standard","meta":{"ub_ctt_via":"","_mi_skip_tracking":false},"categories":[446],"tags":[783],"featured_image_src":"https:\/\/www.messinaoggi.it\/website\/wp-content\/uploads\/2022\/08\/20220804_2186.jpg","author_info":{"display_name":"Admin","author_link":"https:\/\/www.messinaoggi.it\/website\/author\/admin\/"},"digistream_id":0,"digistream":false,"_links":{"self":[{"href":"https:\/\/www.messinaoggi.it\/website\/wp-json\/wp\/v2\/posts\/116991"}],"collection":[{"href":"https:\/\/www.messinaoggi.it\/website\/wp-json\/wp\/v2\/posts"}],"about":[{"href":"https:\/\/www.messinaoggi.it\/website\/wp-json\/wp\/v2\/types\/post"}],"author":[{"embeddable":true,"href":"https:\/\/www.messinaoggi.it\/website\/wp-json\/wp\/v2\/users\/18"}],"replies":[{"embeddable":true,"href":"https:\/\/www.messinaoggi.it\/website\/wp-json\/wp\/v2\/comments?post=116991"}],"version-history":[{"count":0,"href":"https:\/\/www.messinaoggi.it\/website\/wp-json\/wp\/v2\/posts\/116991\/revisions"}],"wp:featuredmedia":[{"embeddable":true,"href":"https:\/\/www.messinaoggi.it\/website\/wp-json\/wp\/v2\/media\/116992"}],"wp:attachment":[{"href":"https:\/\/www.messinaoggi.it\/website\/wp-json\/wp\/v2\/media?parent=116991"}],"wp:term":[{"taxonomy":"category","embeddable":true,"href":"https:\/\/www.messinaoggi.it\/website\/wp-json\/wp\/v2\/categories?post=116991"},{"taxonomy":"post_tag","embeddable":true,"href":"https:\/\/www.messinaoggi.it\/website\/wp-json\/wp\/v2\/tags?post=116991"}],"curies":[{"name":"wp","href":"https:\/\/api.w.org\/{rel}","templated":true}]}}