{"id":116986,"date":"2022-08-04T22:17:53","date_gmt":"2022-08-04T20:17:53","guid":{"rendered":"https:\/\/www.messinaoggi.it\/website\/2022\/08\/04\/le-dimissioni-di-musumeci-governatore-poco-amato-dagli-alleati\/"},"modified":"2022-08-04T22:17:53","modified_gmt":"2022-08-04T20:17:53","slug":"le-dimissioni-di-musumeci-governatore-poco-amato-dagli-alleati","status":"publish","type":"post","link":"https:\/\/www.messinaoggi.it\/website\/2022\/08\/04\/le-dimissioni-di-musumeci-governatore-poco-amato-dagli-alleati\/","title":{"rendered":"Le dimissioni di Musumeci, governatore poco amato dagli alleati"},"content":{"rendered":"<div>\n<p>di Antonio Giordano <br \/>PALERMO (ITALPRESS) \u2013 Si chiude anzitempo la legislatura regionale siciliana che ha riportato il Centrodestra al governo della Regione, dopo il quinquennio di Rosario Crocetta. Le dimissioni di Nello Musumeci sono arrivate al termine di un periodo febbrile e di tensione con gli alleati in un tira e molla sul nome del candidato alla Presidenza che si \u00e8 aperto a met\u00e0 legislatura. Quando, cio\u00e8, Musumeci partito dall\u2019idea di fare un solo mandato, ha deciso che avrebbe dovuto \u201ccompletare il lavoro avviato\u201d e quindi riproporsi come candidato. Una prassi in vigore nel Centrodestra \u2013 finora \u2013 ma osteggiata dagli alleati siciliani. Il presidente nel corso delle sue comunicazioni sui social ha escluso che alla base della sua scelta ci sia stato un motivo politico, ma solo questioni di opportunit\u00e0 legate alla data delle elezioni. Ma da quando Musumeci ha deciso di avanzare nuovamente la sua candidatura \u00e8 iniziato un processo di isolamento che, chi lo ha criticato, ha bollato come \u201cdi un uomo solo al comando\u201d. Il suo governo si \u00e8 caratterizzato dalla stabilit\u00e0 con la squadra di assessori che, tranne qualche pedina, \u00e8 quella che ha iniziato l\u2019avventura alla fine del 2017. Una squadra di governo sorda alle richieste dei partiti, secondo le critiche alle quali Musumeci ha sempre risposto rimandandole al mittente. Solitario, poco propenso alla chiacchiera, se non con pochi fidati consiglieri, il cosiddetto \u201cpizzo magico\u201d secondo i cronisti politici dell\u2019Isola affettuosamente chiamati \u201ci colleghi della stampa\u201d a ogni conferenza e accentratore nelle decisioni, Musumeci si \u00e8 trovato a gestire, tra le tante emergenze croniche della Sicilia, anche quella della pandemia da Covid all\u2019inizio del 2019 che ha affrontato con scelte prudenziali bloccando per primo in Italia le scuole e chiedendo controlli sugli accessi in Sicilia. La seconda parte della legislatura \u00e8 trascorsa, invece, a cercare di recuperare il terreno perso con la crisi pandemica approntando una finanziaria \u201cdi guerra\u201d come \u00e8 stata definita che avrebbe dovuto aiutare imprese e cittadini colpiti dalla crisi (ancora alcune categorie attendono ristori) e organizzare la spesa del Pnrr in contrasto con alcune decisioni romane. Adesso si apre un nuovo capitolo politico: nuovamente candidato per la Regione o verso un posto in Senato? La lunga estate elettorale della Sicilia \u00e8 solo all\u2019inizio. <br \/>(ITALPRESS).<div id=\"div-gpt-ad-Messinaoggi.it-DSK-300x250-corpoart\" style=\"text-align:center;margin:0 auto;\"><\/div><\/p>\n<p>\u2013 credit photo agenziafotogramma.it \u2013<div id=\"videoincontent\" style=\"clear:both\";><\/div><\/p>\n<\/div>\n","protected":false},"excerpt":{"rendered":"<p>di Antonio Giordano PALERMO (ITALPRESS) \u2013 Si chiude anzitempo la legislatura regionale siciliana che ha riportato il Centrodestra al governo della Regione, dopo il quinquennio di Rosario Crocetta. Le dimissioni di Nello Musumeci sono arrivate al termine di un periodo febbrile e di tensione con gli alleati in un tira e molla sul nome del [&hellip;]<\/p>\n","protected":false},"author":18,"featured_media":116987,"comment_status":"closed","ping_status":"closed","sticky":false,"template":"","format":"standard","meta":{"ub_ctt_via":"","_mi_skip_tracking":false},"categories":[2449],"tags":[783],"featured_image_src":"https:\/\/www.messinaoggi.it\/website\/wp-content\/uploads\/2022\/08\/20220804_2151.jpg","author_info":{"display_name":"Admin","author_link":"https:\/\/www.messinaoggi.it\/website\/author\/admin\/"},"digistream_id":0,"digistream":false,"_links":{"self":[{"href":"https:\/\/www.messinaoggi.it\/website\/wp-json\/wp\/v2\/posts\/116986"}],"collection":[{"href":"https:\/\/www.messinaoggi.it\/website\/wp-json\/wp\/v2\/posts"}],"about":[{"href":"https:\/\/www.messinaoggi.it\/website\/wp-json\/wp\/v2\/types\/post"}],"author":[{"embeddable":true,"href":"https:\/\/www.messinaoggi.it\/website\/wp-json\/wp\/v2\/users\/18"}],"replies":[{"embeddable":true,"href":"https:\/\/www.messinaoggi.it\/website\/wp-json\/wp\/v2\/comments?post=116986"}],"version-history":[{"count":0,"href":"https:\/\/www.messinaoggi.it\/website\/wp-json\/wp\/v2\/posts\/116986\/revisions"}],"wp:featuredmedia":[{"embeddable":true,"href":"https:\/\/www.messinaoggi.it\/website\/wp-json\/wp\/v2\/media\/116987"}],"wp:attachment":[{"href":"https:\/\/www.messinaoggi.it\/website\/wp-json\/wp\/v2\/media?parent=116986"}],"wp:term":[{"taxonomy":"category","embeddable":true,"href":"https:\/\/www.messinaoggi.it\/website\/wp-json\/wp\/v2\/categories?post=116986"},{"taxonomy":"post_tag","embeddable":true,"href":"https:\/\/www.messinaoggi.it\/website\/wp-json\/wp\/v2\/tags?post=116986"}],"curies":[{"name":"wp","href":"https:\/\/api.w.org\/{rel}","templated":true}]}}