{"id":116984,"date":"2022-08-04T22:17:51","date_gmt":"2022-08-04T20:17:51","guid":{"rendered":"https:\/\/www.messinaoggi.it\/website\/2022\/08\/04\/musumeci-si-dimette-da-presidente-berlusconi-candida-prestigiacomo\/"},"modified":"2022-08-04T22:17:51","modified_gmt":"2022-08-04T20:17:51","slug":"musumeci-si-dimette-da-presidente-berlusconi-candida-prestigiacomo","status":"publish","type":"post","link":"https:\/\/www.messinaoggi.it\/website\/2022\/08\/04\/musumeci-si-dimette-da-presidente-berlusconi-candida-prestigiacomo\/","title":{"rendered":"Musumeci si dimette da presidente, Berlusconi candida Prestigiacomo"},"content":{"rendered":"<div>\n<p>di Francesca Aglieri <br \/>PALERMO (ITALPRESS) \u2013 L\u2019annuncio, con un video-messaggio su Facebook, arriva dieci minuti dopo le 19: Nello Musumeci si dimette da presidente della Regione. Per la Sicilia, quindi, il 25 settembre, sar\u00e0 election day: si volter\u00e0 oltre che per le elezioni Politiche anche per le Regionali. \u201cUna decisione sottolinea Musumeci \u2013 che ho adottato dopo averci pensato alcuni giorni. Non c\u2019\u00e8 alcun motivo politico alla fonte di questa decisione, soltanto e quasi tutte ragioni di ordine tecnico, di ordine procedurale, dettate dal buonsenso\u201d. Musumeci spiega quali motivazioni lo hanno spinto alle dimissioni. \u201cSono almeno quattro i motivi \u2013 dice il governatore dimissionario \u2013 perch\u00e8 si debba votare il 25 settembre in Sicilia. Il primo, la chiusura delle scuole. Una cosa \u00e8 farlo solo il 25 settembre, altra cosa chiuderle anche il 6 di novembre, quando scade naturalmente la legislatura della Regione e dell\u2019Ars. Non ci possiamo permettere il lusso di tenere le scuole chiuse per due giornate. Secondo motivo, crescono i casi di contagio da Covid. Lo abbiamo visto in queste settimane, d\u2019estate. Immaginate cosa potrebbe accadere con l\u2019arrivo dell\u2019autunno alla luce dell\u2019esperienza che abbiamo maturato nei due anni precedenti. Terzo motivo, tre mesi e pi\u00f9 di campagna elettorale. Significa che i partiti, mentre sta per concludersi la campagna elettorale per le nazionali, devono raccogliere le firme, preparare le liste, cercare i candidati, definire i simboli per le Regionali. Assurdo, impossibile. Il quarto motivo, il pi\u00f9 significativo, i costi che deve affrontare la Regione, che deve affrontare l\u2019istituzione pubblica per garantire il diritto al voto. Nel frattempo \u2013 aggiunge Musumeci \u2013 continueremo a lavorare. Nell\u2019ultima seduta di Giunta ho adottato decine e decine di delibere e impegnato centinaia di milioni di euro, soprattutto in investimenti. Fino all\u2019ultimo giorno, quindi fino al 25 di settembre, lavorer\u00f2 con lo stesso impegno e con lo stesso entusiasmo del primo giorno\u2026\u201d. Poi un passsaggio, inevitabile, sulla sua ricandidatura alla Presidenza: \u201cIn molti mi scrivono, mi hanno chiesto e mi chiedono della mia ricandidatura. Bella domanda! Io sono fermo a quello che ho detto lo scorso 23 giugno. Sono pronto a guidare la coalizione di Centrodestra per la vittoria, per garantire per la seconda volta continuativa che la nostra coalizione possa guidare le sorti della Regione Siciliana. Qualcuno all\u2019interno della coalizione dice che io abbia un brutto carattere, che io sia molto rigoroso, che io sia antipatico. E che quindi sono divisivo. Siccome per me l\u2019unit\u00e0 della coalizione di Centrodestra \u00e8 pi\u00f9 importante di qualunque, pur legittima, aspirazione a continuare il lavoro che abbiamo iniziato cinque anni fa e ad avviare anche nuove iniziative, ho detto se sono realmente divisivo e non \u00e8 un capriccio di qualcuno io posso fare un passo di lato. Cercate un nuovo candidato, fatecelo conoscere e andremo avanti. Voglio ringraziare Giorgia Meloni \u2013 ha concluso  Musumeci \u2013 perch\u00e8 per questa scelta mi ha lasciato assoluta libert\u00e0. La ringrazio per la sensibilit\u00e0 che ha dimostrato e che continua a dimostrare nei miei confronti\u2026\u201d. Intanto a Roma, secondo indiscrezioni parlamentari di Forza Italia, il presidente Silvio Berlusconi ha chiamato Stefania Prestigiacomo per chiederle la disponibilit\u00e0 alla candidatura a Presidente della Regione Siciliana. E lei ha accettato. <br \/>(ITALPRESS).<div id=\"div-gpt-ad-Messinaoggi.it-DSK-300x250-corpoart\" style=\"text-align:center;margin:0 auto;\"><\/div><\/p>\n<p>\u2013 credit photo agenziafotogramma.it \u2013<div id=\"videoincontent\" style=\"clear:both\";><\/div><\/p>\n<\/div>\n","protected":false},"excerpt":{"rendered":"<p>di Francesca Aglieri PALERMO (ITALPRESS) \u2013 L\u2019annuncio, con un video-messaggio su Facebook, arriva dieci minuti dopo le 19: Nello Musumeci si dimette da presidente della Regione. Per la Sicilia, quindi, il 25 settembre, sar\u00e0 election day: si volter\u00e0 oltre che per le elezioni Politiche anche per le Regionali. \u201cUna decisione sottolinea Musumeci \u2013 che ho [&hellip;]<\/p>\n","protected":false},"author":18,"featured_media":116985,"comment_status":"closed","ping_status":"closed","sticky":false,"template":"","format":"standard","meta":{"ub_ctt_via":"","_mi_skip_tracking":false},"categories":[2449],"tags":[783],"featured_image_src":"https:\/\/www.messinaoggi.it\/website\/wp-content\/uploads\/2022\/08\/20220804_2150.jpg","author_info":{"display_name":"Admin","author_link":"https:\/\/www.messinaoggi.it\/website\/author\/admin\/"},"digistream_id":0,"digistream":false,"_links":{"self":[{"href":"https:\/\/www.messinaoggi.it\/website\/wp-json\/wp\/v2\/posts\/116984"}],"collection":[{"href":"https:\/\/www.messinaoggi.it\/website\/wp-json\/wp\/v2\/posts"}],"about":[{"href":"https:\/\/www.messinaoggi.it\/website\/wp-json\/wp\/v2\/types\/post"}],"author":[{"embeddable":true,"href":"https:\/\/www.messinaoggi.it\/website\/wp-json\/wp\/v2\/users\/18"}],"replies":[{"embeddable":true,"href":"https:\/\/www.messinaoggi.it\/website\/wp-json\/wp\/v2\/comments?post=116984"}],"version-history":[{"count":0,"href":"https:\/\/www.messinaoggi.it\/website\/wp-json\/wp\/v2\/posts\/116984\/revisions"}],"wp:featuredmedia":[{"embeddable":true,"href":"https:\/\/www.messinaoggi.it\/website\/wp-json\/wp\/v2\/media\/116985"}],"wp:attachment":[{"href":"https:\/\/www.messinaoggi.it\/website\/wp-json\/wp\/v2\/media?parent=116984"}],"wp:term":[{"taxonomy":"category","embeddable":true,"href":"https:\/\/www.messinaoggi.it\/website\/wp-json\/wp\/v2\/categories?post=116984"},{"taxonomy":"post_tag","embeddable":true,"href":"https:\/\/www.messinaoggi.it\/website\/wp-json\/wp\/v2\/tags?post=116984"}],"curies":[{"name":"wp","href":"https:\/\/api.w.org\/{rel}","templated":true}]}}