{"id":116940,"date":"2022-08-04T18:07:54","date_gmt":"2022-08-04T16:07:54","guid":{"rendered":"https:\/\/www.messinaoggi.it\/website\/2022\/08\/04\/letta-basta-finti-stage-il-primo-lavoro-dei-giovani-sia-ben-pagato\/"},"modified":"2022-08-04T18:07:54","modified_gmt":"2022-08-04T16:07:54","slug":"letta-basta-finti-stage-il-primo-lavoro-dei-giovani-sia-ben-pagato","status":"publish","type":"post","link":"https:\/\/www.messinaoggi.it\/website\/2022\/08\/04\/letta-basta-finti-stage-il-primo-lavoro-dei-giovani-sia-ben-pagato\/","title":{"rendered":"Letta, \u201cBasta finti stage, il primo lavoro dei giovani sia ben pagato\u201d"},"content":{"rendered":"<div>TARQUINIA (ITALPRESS) &#8211; &#8220;Basta con i finti stage, ci vuole un primo lavoro ben pagato&#8221;. Lo ha detto il segretario del Partito Democratico, Enrico Letta, nel corso di un appuntamento elettorale al Tarquinia, ribadendo l&#8217;attenzione del partito nei confronti delle nuove generazioni. &#8220;Questa campagna elettorale sar\u00e0 incentrata sul tema dei giovani, perch\u00e8 i giovani del nostro Paese sono pochi, non gli diamo le opportunit\u00e0 sufficienti e se ne vanno appena possono &#8211; ha aggiunto -. Noi abbiamo assolutamente bisogno, non solo di farli rimanere, ma di attrarli e dobbiamo farlo attraverso sia con politiche di welfare che con politiche di incentivazioni e ovviamente attraverso l&#8217;eliminazione della precariet\u00e0 nel mercato del lavoro&#8221;. (ITALPRESS).<div id=\"div-gpt-ad-Messinaoggi.it-DSK-300x250-corpoart\" style=\"text-align:center;margin:0 auto;\"><\/div><\/p>\n<p>Photo credits: www.agenziafotogramma.it<div id=\"videoincontent\" style=\"clear:both\";><\/div><\/p><\/div>\n","protected":false},"excerpt":{"rendered":"<p>TARQUINIA (ITALPRESS) &#8211; &#8220;Basta con i finti stage, ci vuole un primo lavoro ben pagato&#8221;. Lo ha detto il segretario del Partito Democratico, Enrico Letta, nel corso di un appuntamento elettorale al Tarquinia, ribadendo l&#8217;attenzione del partito nei confronti delle nuove generazioni. &#8220;Questa campagna elettorale sar\u00e0 incentrata sul tema dei giovani, perch\u00e8 i giovani del [&hellip;]<\/p>\n","protected":false},"author":18,"featured_media":116941,"comment_status":"closed","ping_status":"closed","sticky":false,"template":"","format":"standard","meta":{"ub_ctt_via":"","_mi_skip_tracking":false},"categories":[446],"tags":[783],"featured_image_src":"https:\/\/www.messinaoggi.it\/website\/wp-content\/uploads\/2022\/08\/20220804_1716.jpg","author_info":{"display_name":"Admin","author_link":"https:\/\/www.messinaoggi.it\/website\/author\/admin\/"},"digistream_id":0,"digistream":false,"_links":{"self":[{"href":"https:\/\/www.messinaoggi.it\/website\/wp-json\/wp\/v2\/posts\/116940"}],"collection":[{"href":"https:\/\/www.messinaoggi.it\/website\/wp-json\/wp\/v2\/posts"}],"about":[{"href":"https:\/\/www.messinaoggi.it\/website\/wp-json\/wp\/v2\/types\/post"}],"author":[{"embeddable":true,"href":"https:\/\/www.messinaoggi.it\/website\/wp-json\/wp\/v2\/users\/18"}],"replies":[{"embeddable":true,"href":"https:\/\/www.messinaoggi.it\/website\/wp-json\/wp\/v2\/comments?post=116940"}],"version-history":[{"count":0,"href":"https:\/\/www.messinaoggi.it\/website\/wp-json\/wp\/v2\/posts\/116940\/revisions"}],"wp:featuredmedia":[{"embeddable":true,"href":"https:\/\/www.messinaoggi.it\/website\/wp-json\/wp\/v2\/media\/116941"}],"wp:attachment":[{"href":"https:\/\/www.messinaoggi.it\/website\/wp-json\/wp\/v2\/media?parent=116940"}],"wp:term":[{"taxonomy":"category","embeddable":true,"href":"https:\/\/www.messinaoggi.it\/website\/wp-json\/wp\/v2\/categories?post=116940"},{"taxonomy":"post_tag","embeddable":true,"href":"https:\/\/www.messinaoggi.it\/website\/wp-json\/wp\/v2\/tags?post=116940"}],"curies":[{"name":"wp","href":"https:\/\/api.w.org\/{rel}","templated":true}]}}