{"id":116938,"date":"2022-08-04T18:07:52","date_gmt":"2022-08-04T16:07:52","guid":{"rendered":"https:\/\/www.messinaoggi.it\/website\/2022\/08\/04\/elezioni-salvini-al-viminale-vorrei-un-uomo-o-una-donna-della-lega\/"},"modified":"2022-08-04T18:07:52","modified_gmt":"2022-08-04T16:07:52","slug":"elezioni-salvini-al-viminale-vorrei-un-uomo-o-una-donna-della-lega","status":"publish","type":"post","link":"https:\/\/www.messinaoggi.it\/website\/2022\/08\/04\/elezioni-salvini-al-viminale-vorrei-un-uomo-o-una-donna-della-lega\/","title":{"rendered":"Elezioni, Salvini \u201cAl Viminale? Vorrei un uomo o una donna della Lega\u201d"},"content":{"rendered":"<div>LAMPEDUSA (AGRIGENTO) (ITALPRESS) &#8211; &#8220;Saranno gli italiani con il loro voto a decidere chi fa cosa. Se sar\u00e0 la Lega a prendere un voto in pi\u00f9 avr\u00f2 io l&#8217;onore e l&#8217;onere di indicare il presidente del Consiglio&#8221;. Lo ha detto il segretario della Lega Matteo Salvini, a margine della visita all&#8217;hotspot di Lampedusa. &#8220;La mia richiesta di indicare in anticipo i ministri &#8211; ha aggiunto &#8211; era legata esclusivamente a un concetto di trasparenza: di certo non mi dispiacerebbe se al Viminale ci fosse un uomo o una donna della Lega&#8221;. <br \/>(ITALPRESS)<div id=\"div-gpt-ad-Messinaoggi.it-DSK-300x250-corpoart\" style=\"text-align:center;margin:0 auto;\"><\/div><\/p>\n<p>&#8211; foto Lega &#8211;<div id=\"videoincontent\" style=\"clear:both\";><\/div><\/p><\/div>\n","protected":false},"excerpt":{"rendered":"<p>LAMPEDUSA (AGRIGENTO) (ITALPRESS) &#8211; &#8220;Saranno gli italiani con il loro voto a decidere chi fa cosa. Se sar\u00e0 la Lega a prendere un voto in pi\u00f9 avr\u00f2 io l&#8217;onore e l&#8217;onere di indicare il presidente del Consiglio&#8221;. Lo ha detto il segretario della Lega Matteo Salvini, a margine della visita all&#8217;hotspot di Lampedusa. &#8220;La mia [&hellip;]<\/p>\n","protected":false},"author":18,"featured_media":116939,"comment_status":"closed","ping_status":"closed","sticky":false,"template":"","format":"standard","meta":{"ub_ctt_via":"","_mi_skip_tracking":false},"categories":[446],"tags":[783],"featured_image_src":"https:\/\/www.messinaoggi.it\/website\/wp-content\/uploads\/2022\/08\/20220804_1713.jpg","author_info":{"display_name":"Admin","author_link":"https:\/\/www.messinaoggi.it\/website\/author\/admin\/"},"digistream_id":0,"digistream":false,"_links":{"self":[{"href":"https:\/\/www.messinaoggi.it\/website\/wp-json\/wp\/v2\/posts\/116938"}],"collection":[{"href":"https:\/\/www.messinaoggi.it\/website\/wp-json\/wp\/v2\/posts"}],"about":[{"href":"https:\/\/www.messinaoggi.it\/website\/wp-json\/wp\/v2\/types\/post"}],"author":[{"embeddable":true,"href":"https:\/\/www.messinaoggi.it\/website\/wp-json\/wp\/v2\/users\/18"}],"replies":[{"embeddable":true,"href":"https:\/\/www.messinaoggi.it\/website\/wp-json\/wp\/v2\/comments?post=116938"}],"version-history":[{"count":0,"href":"https:\/\/www.messinaoggi.it\/website\/wp-json\/wp\/v2\/posts\/116938\/revisions"}],"wp:featuredmedia":[{"embeddable":true,"href":"https:\/\/www.messinaoggi.it\/website\/wp-json\/wp\/v2\/media\/116939"}],"wp:attachment":[{"href":"https:\/\/www.messinaoggi.it\/website\/wp-json\/wp\/v2\/media?parent=116938"}],"wp:term":[{"taxonomy":"category","embeddable":true,"href":"https:\/\/www.messinaoggi.it\/website\/wp-json\/wp\/v2\/categories?post=116938"},{"taxonomy":"post_tag","embeddable":true,"href":"https:\/\/www.messinaoggi.it\/website\/wp-json\/wp\/v2\/tags?post=116938"}],"curies":[{"name":"wp","href":"https:\/\/api.w.org\/{rel}","templated":true}]}}