{"id":116932,"date":"2022-08-04T17:00:50","date_gmt":"2022-08-04T15:00:50","guid":{"rendered":"http:\/\/www.messinaoggi.it\/website\/?p=116932"},"modified":"2022-08-04T17:02:15","modified_gmt":"2022-08-04T15:02:15","slug":"messina-social-city-stabilizzazione-per-146","status":"publish","type":"post","link":"https:\/\/www.messinaoggi.it\/website\/2022\/08\/04\/messina-social-city-stabilizzazione-per-146\/","title":{"rendered":"Messina Social city: stabilizzazione per 146"},"content":{"rendered":"\n<p>Luned\u00ec alle 15, nel Salone delle Bandiere a Palazzo Zanca ed alla presenza del Sindaco Federico Basile si proceder\u00e0 alla trasformazione del contratto da tempo determinato a indeterminato per 146 unit\u00e0 di personale dell\u2019Azienda Speciale Messina Social City. All\u2019appuntamento prenderanno parte l\u2019Assessore Alessandra Calafiore, la presidente Valeria Asquini unitamente alla governace dell\u2019Azienda speciale che si occupa dei servizi socio assistenziali socio- educativo e di supporto familiare.<div id=\"div-gpt-ad-Messinaoggi.it-DSK-300x250-corpoart\" style=\"text-align:center;margin:0 auto;\"><\/div><\/p>\n<div id=\"videoincontent\" style=\"clear:both\";><\/div>","protected":false},"excerpt":{"rendered":"<p>Luned\u00ec alle 15, nel Salone delle Bandiere a Palazzo Zanca ed alla presenza del Sindaco Federico Basile si proceder\u00e0 alla trasformazione del contratto da tempo determinato a indeterminato per 146 unit\u00e0 di personale dell\u2019Azienda Speciale Messina Social City. All\u2019appuntamento prenderanno parte l\u2019Assessore Alessandra Calafiore, la presidente Valeria Asquini unitamente alla governace dell\u2019Azienda speciale che si [&hellip;]<\/p>\n","protected":false},"author":4,"featured_media":36137,"comment_status":"open","ping_status":"open","sticky":false,"template":"","format":"standard","meta":{"ub_ctt_via":"","_mi_skip_tracking":false},"categories":[5],"tags":[30],"featured_image_src":"https:\/\/www.messinaoggi.it\/website\/wp-content\/uploads\/2019\/08\/Palazzo-Zanca.jpg","author_info":{"display_name":"redme","author_link":"https:\/\/www.messinaoggi.it\/website\/author\/redme\/"},"digistream_id":0,"digistream":false,"_links":{"self":[{"href":"https:\/\/www.messinaoggi.it\/website\/wp-json\/wp\/v2\/posts\/116932"}],"collection":[{"href":"https:\/\/www.messinaoggi.it\/website\/wp-json\/wp\/v2\/posts"}],"about":[{"href":"https:\/\/www.messinaoggi.it\/website\/wp-json\/wp\/v2\/types\/post"}],"author":[{"embeddable":true,"href":"https:\/\/www.messinaoggi.it\/website\/wp-json\/wp\/v2\/users\/4"}],"replies":[{"embeddable":true,"href":"https:\/\/www.messinaoggi.it\/website\/wp-json\/wp\/v2\/comments?post=116932"}],"version-history":[{"count":1,"href":"https:\/\/www.messinaoggi.it\/website\/wp-json\/wp\/v2\/posts\/116932\/revisions"}],"predecessor-version":[{"id":116933,"href":"https:\/\/www.messinaoggi.it\/website\/wp-json\/wp\/v2\/posts\/116932\/revisions\/116933"}],"wp:featuredmedia":[{"embeddable":true,"href":"https:\/\/www.messinaoggi.it\/website\/wp-json\/wp\/v2\/media\/36137"}],"wp:attachment":[{"href":"https:\/\/www.messinaoggi.it\/website\/wp-json\/wp\/v2\/media?parent=116932"}],"wp:term":[{"taxonomy":"category","embeddable":true,"href":"https:\/\/www.messinaoggi.it\/website\/wp-json\/wp\/v2\/categories?post=116932"},{"taxonomy":"post_tag","embeddable":true,"href":"https:\/\/www.messinaoggi.it\/website\/wp-json\/wp\/v2\/tags?post=116932"}],"curies":[{"name":"wp","href":"https:\/\/api.w.org\/{rel}","templated":true}]}}