{"id":116913,"date":"2022-08-04T14:07:53","date_gmt":"2022-08-04T12:07:53","guid":{"rendered":"https:\/\/www.messinaoggi.it\/website\/2022\/08\/04\/dovizioso-lascera-la-motogp-dopo-il-gp-di-san-marino\/"},"modified":"2022-08-04T14:07:53","modified_gmt":"2022-08-04T12:07:53","slug":"dovizioso-lascera-la-motogp-dopo-il-gp-di-san-marino","status":"publish","type":"post","link":"https:\/\/www.messinaoggi.it\/website\/2022\/08\/04\/dovizioso-lascera-la-motogp-dopo-il-gp-di-san-marino\/","title":{"rendered":"Dovizioso lascer\u00e0 la MotoGP dopo il GP di San Marino"},"content":{"rendered":"<div>ROMA (ITALPRESS) &#8211; Andrea Dovizioso dice addio alla MotoGp. Il pilota romagnolo, 36enne, campione del mondo nella 125 nel 2004 alzer\u00e0 bandiera bianca dopo il GP di San Marino. La notizia \u00e8 stata confermata oggi dalla Yamaha Motor. Dopo 20 anni di carriera, Dovizioso dir\u00e0 addio alle corse esattamente un anno dopo essere entrato nel team MotoGP della Yamaha.<br \/>&#8220;Purtroppo negli ultimi anni la MotoGP \u00e8 cambiata profondamente. La situazione oggi \u00e8 molto diversa: non mi sono mai sentito a mio agio con la moto e non ho saputo sfruttarne al meglio le potenzialit\u00e0, nonostante il prezioso e continuo aiuto del team e tutta la Yamaha&#8221;, ha detto Dovizioso. &#8220;I risultati sono stati negativi ma oltre a ci\u00f2 considero questa alla Yamaha un&#8217;esperienza di vita molto importante. Quando ci sono tante difficolt\u00e0 occorre avere la capacit\u00e0 di gestire bene la situazione e le proprie emozioni. Non abbiamo raggiunto gli obiettivi prefissati ma i consulti con i tecnici Yamaha e con quelli del mio team sono sempre stati positivi e costruttivi, sia per loro che per me. Il rapporto \u00e8 rimasto leale e professionalmente interessante anche nei momenti pi\u00f9 critici e non era cos\u00ec scontato che ci\u00f2 accadesse&#8221;, ha aggiunto il pilota romagnolo.<br \/>&#8220;Per tutto questo e per il supporto, ringrazio Yamaha, RNF Racing Team, WithU e gli altri sponsor coinvolti nel progetto. Non \u00e8 andata come speravamo ma era giusto provarci. La mia avventura si concluder\u00e0 a Misano ma il rapporto con tutte le persone coinvolte in questa sfida rimarr\u00e0 intatto per sempre. Grazie a tutti&#8221;, ha concluso Dovizioso.<br \/>&#8211; foto agenziafotogramma.it &#8211;<br \/>(ITALPRESS).<\/div>\n<div id=\"div-gpt-ad-Messinaoggi.it-DSK-300x250-corpoart\" style=\"text-align:center;margin:0 auto;\"><\/div><\/p><div id=\"videoincontent\" style=\"clear:both\";><\/div>","protected":false},"excerpt":{"rendered":"<p>ROMA (ITALPRESS) &#8211; Andrea Dovizioso dice addio alla MotoGp. Il pilota romagnolo, 36enne, campione del mondo nella 125 nel 2004 alzer\u00e0 bandiera bianca dopo il GP di San Marino. La notizia \u00e8 stata confermata oggi dalla Yamaha Motor. Dopo 20 anni di carriera, Dovizioso dir\u00e0 addio alle corse esattamente un anno dopo essere entrato nel [&hellip;]<\/p>\n","protected":false},"author":18,"featured_media":116914,"comment_status":"closed","ping_status":"closed","sticky":false,"template":"","format":"standard","meta":{"ub_ctt_via":"","_mi_skip_tracking":false},"categories":[446],"tags":[783],"featured_image_src":"https:\/\/www.messinaoggi.it\/website\/wp-content\/uploads\/2022\/08\/dovizioso_ftg_220804.jpg","author_info":{"display_name":"Admin","author_link":"https:\/\/www.messinaoggi.it\/website\/author\/admin\/"},"digistream_id":0,"digistream":false,"_links":{"self":[{"href":"https:\/\/www.messinaoggi.it\/website\/wp-json\/wp\/v2\/posts\/116913"}],"collection":[{"href":"https:\/\/www.messinaoggi.it\/website\/wp-json\/wp\/v2\/posts"}],"about":[{"href":"https:\/\/www.messinaoggi.it\/website\/wp-json\/wp\/v2\/types\/post"}],"author":[{"embeddable":true,"href":"https:\/\/www.messinaoggi.it\/website\/wp-json\/wp\/v2\/users\/18"}],"replies":[{"embeddable":true,"href":"https:\/\/www.messinaoggi.it\/website\/wp-json\/wp\/v2\/comments?post=116913"}],"version-history":[{"count":0,"href":"https:\/\/www.messinaoggi.it\/website\/wp-json\/wp\/v2\/posts\/116913\/revisions"}],"wp:featuredmedia":[{"embeddable":true,"href":"https:\/\/www.messinaoggi.it\/website\/wp-json\/wp\/v2\/media\/116914"}],"wp:attachment":[{"href":"https:\/\/www.messinaoggi.it\/website\/wp-json\/wp\/v2\/media?parent=116913"}],"wp:term":[{"taxonomy":"category","embeddable":true,"href":"https:\/\/www.messinaoggi.it\/website\/wp-json\/wp\/v2\/categories?post=116913"},{"taxonomy":"post_tag","embeddable":true,"href":"https:\/\/www.messinaoggi.it\/website\/wp-json\/wp\/v2\/tags?post=116913"}],"curies":[{"name":"wp","href":"https:\/\/api.w.org\/{rel}","templated":true}]}}