{"id":116911,"date":"2022-08-04T14:07:51","date_gmt":"2022-08-04T12:07:51","guid":{"rendered":"https:\/\/www.messinaoggi.it\/website\/2022\/08\/04\/bce-rallentamento-della-crescita-getta-ombre-su-prospettive\/"},"modified":"2022-08-04T14:07:51","modified_gmt":"2022-08-04T12:07:51","slug":"bce-rallentamento-della-crescita-getta-ombre-su-prospettive","status":"publish","type":"post","link":"https:\/\/www.messinaoggi.it\/website\/2022\/08\/04\/bce-rallentamento-della-crescita-getta-ombre-su-prospettive\/","title":{"rendered":"Bce, rallentamento della crescita getta ombre su prospettive"},"content":{"rendered":"<div>ROMA (ITALPRESS) &#8211; L&#8217;inflazione continua a mantenersi su livelli superiori a quelli desiderabili e ci si attende che rimanga al di sopra dell&#8217;obiettivo fissato dal Consiglio direttivo per qualche tempo. I dati pi\u00f9 recenti indicano un rallentamento della crescita che getta delle ombre sulle prospettive per la seconda met\u00e0 del 2022 e oltre. Allo stesso tempo, tale rallentamento \u00e8 attenuato da una serie di fattori favorevoli.  Lo afferma la Bce nel suo bollettino economico. Nella riunione del 21 luglio scorso, il Consiglio direttivo ha deciso di innalzare i tassi di interesse di riferimento della Bce e ha approvato il TPI. Nelle prossime riunioni sar\u00e0 opportuna un&#8217;ulteriore normalizzazione dei tassi di interesse. L&#8217;evoluzione futura dei tassi di riferimento continuer\u00e0 a essere dipendente dai dati e contribuir\u00e0 al conseguimento dell&#8217;obiettivo di inflazione del 2% nel medio termine da parte del Consiglio direttivo. Il Consiglio direttivo \u00e8 pronto ad adeguare tutti gli strumenti nell&#8217;ambito del suo mandato per assicurare che l&#8217;inflazione si stabilizzi sull&#8217;obiettivo del 2% nel medio termine. Il nuovo TPI garantir\u00e0 l&#8217;ordinata trasmissione dell&#8217;orientamento di politica monetaria in tutta l&#8217;area dell&#8217;euro mentre il Consiglio direttivo continua ad adeguare tale orientamento per far fronte all&#8217;elevata inflazione.<br \/>(ITALPRESS).<br \/>-foto agenziafotogramma.it.<\/div>\n<div id=\"div-gpt-ad-Messinaoggi.it-DSK-300x250-corpoart\" style=\"text-align:center;margin:0 auto;\"><\/div><\/p><div id=\"videoincontent\" style=\"clear:both\";><\/div>","protected":false},"excerpt":{"rendered":"<p>ROMA (ITALPRESS) &#8211; L&#8217;inflazione continua a mantenersi su livelli superiori a quelli desiderabili e ci si attende che rimanga al di sopra dell&#8217;obiettivo fissato dal Consiglio direttivo per qualche tempo. I dati pi\u00f9 recenti indicano un rallentamento della crescita che getta delle ombre sulle prospettive per la seconda met\u00e0 del 2022 e oltre. Allo stesso [&hellip;]<\/p>\n","protected":false},"author":18,"featured_media":116912,"comment_status":"closed","ping_status":"closed","sticky":false,"template":"","format":"standard","meta":{"ub_ctt_via":"","_mi_skip_tracking":false},"categories":[446],"tags":[783],"featured_image_src":"https:\/\/www.messinaoggi.it\/website\/wp-content\/uploads\/2022\/08\/20220804_0513.jpg","author_info":{"display_name":"Admin","author_link":"https:\/\/www.messinaoggi.it\/website\/author\/admin\/"},"digistream_id":0,"digistream":false,"_links":{"self":[{"href":"https:\/\/www.messinaoggi.it\/website\/wp-json\/wp\/v2\/posts\/116911"}],"collection":[{"href":"https:\/\/www.messinaoggi.it\/website\/wp-json\/wp\/v2\/posts"}],"about":[{"href":"https:\/\/www.messinaoggi.it\/website\/wp-json\/wp\/v2\/types\/post"}],"author":[{"embeddable":true,"href":"https:\/\/www.messinaoggi.it\/website\/wp-json\/wp\/v2\/users\/18"}],"replies":[{"embeddable":true,"href":"https:\/\/www.messinaoggi.it\/website\/wp-json\/wp\/v2\/comments?post=116911"}],"version-history":[{"count":0,"href":"https:\/\/www.messinaoggi.it\/website\/wp-json\/wp\/v2\/posts\/116911\/revisions"}],"wp:featuredmedia":[{"embeddable":true,"href":"https:\/\/www.messinaoggi.it\/website\/wp-json\/wp\/v2\/media\/116912"}],"wp:attachment":[{"href":"https:\/\/www.messinaoggi.it\/website\/wp-json\/wp\/v2\/media?parent=116911"}],"wp:term":[{"taxonomy":"category","embeddable":true,"href":"https:\/\/www.messinaoggi.it\/website\/wp-json\/wp\/v2\/categories?post=116911"},{"taxonomy":"post_tag","embeddable":true,"href":"https:\/\/www.messinaoggi.it\/website\/wp-json\/wp\/v2\/tags?post=116911"}],"curies":[{"name":"wp","href":"https:\/\/api.w.org\/{rel}","templated":true}]}}