{"id":116880,"date":"2022-08-04T10:07:53","date_gmt":"2022-08-04T08:07:53","guid":{"rendered":"https:\/\/www.messinaoggi.it\/website\/2022\/08\/04\/elezioni-berlusconi-non-faro-il-premier\/"},"modified":"2022-08-04T10:07:53","modified_gmt":"2022-08-04T08:07:53","slug":"elezioni-berlusconi-non-faro-il-premier","status":"publish","type":"post","link":"https:\/\/www.messinaoggi.it\/website\/2022\/08\/04\/elezioni-berlusconi-non-faro-il-premier\/","title":{"rendered":"Elezioni, Berlusconi \u201cNon far\u00f2 il premier\u201d"},"content":{"rendered":"<div>ROMA (ITALPRESS) &#8211; &#8220;Non ho ancora deciso se mi candider\u00f2, ma le notizie sulla mia ambizione a presidente del Senato sono infondate. Se far\u00f2 il premier? No, l&#8217;ho fatto per quasi 10 anni e nessuno ha mai fatto un governo che ha realizzato cos\u00ec tante cose, adesso bisogna lasciare che ci sia qualcuno che possa fare ancora delle buone cose&#8221;. Cos\u00ec il presidente di Forza Italia, Silvio Berlusconi, a Non stop news su RTL 102.5.<br \/>\nSull&#8217;alleanza fra Letta e Calenda il giudizio \u00e8 severo: &#8220;Tutta questa operazione \u00e8 stata fatta per ingannare gli elettori moderati, hanno fatto un accordo per impedire a quelle che loro chiamano le destre di governare, ma non ci riusciranno. Trovo molto triste che si mettano insieme non per realizzare un progetto per l&#8217;Italia ma solo contro qualcuno e qualcosa, \u00e8 un vizio della sinistra quello di trovare un avversario da combattere&#8221;. Dei fuoriusciti di Forza Italia &#8220;non penso nulla, ne ho preso atto con amarezza e anche con delusione personale, ma mi domando verso i loro elettori come si sentono? Dopo essersi battuti una vita contro la sinistra e aver ricevendo insulti e calunnie ora sono con loro. E&#8217; una cosa che non capisco neppure come calcolo di convenienza, quegli eventuali voti serviranno solo a lasciare il governo nelle mani del Pd&#8221;.<br \/>\n(ITALPRESS).<br \/>\n-foto agenziafotogramma.it-<\/div>\n<div id=\"div-gpt-ad-Messinaoggi.it-DSK-300x250-corpoart\" style=\"text-align:center;margin:0 auto;\"><\/div><\/p><div id=\"videoincontent\" style=\"clear:both\";><\/div>","protected":false},"excerpt":{"rendered":"<p>ROMA (ITALPRESS) &#8211; &#8220;Non ho ancora deciso se mi candider\u00f2, ma le notizie sulla mia ambizione a presidente del Senato sono infondate. Se far\u00f2 il premier? No, l&#8217;ho fatto per quasi 10 anni e nessuno ha mai fatto un governo che ha realizzato cos\u00ec tante cose, adesso bisogna lasciare che ci sia qualcuno che possa [&hellip;]<\/p>\n","protected":false},"author":18,"featured_media":116881,"comment_status":"closed","ping_status":"closed","sticky":false,"template":"","format":"standard","meta":{"ub_ctt_via":"","_mi_skip_tracking":false},"categories":[446],"tags":[783],"featured_image_src":"https:\/\/www.messinaoggi.it\/website\/wp-content\/uploads\/2022\/08\/20220804_0105.jpg","author_info":{"display_name":"Admin","author_link":"https:\/\/www.messinaoggi.it\/website\/author\/admin\/"},"digistream_id":0,"digistream":false,"_links":{"self":[{"href":"https:\/\/www.messinaoggi.it\/website\/wp-json\/wp\/v2\/posts\/116880"}],"collection":[{"href":"https:\/\/www.messinaoggi.it\/website\/wp-json\/wp\/v2\/posts"}],"about":[{"href":"https:\/\/www.messinaoggi.it\/website\/wp-json\/wp\/v2\/types\/post"}],"author":[{"embeddable":true,"href":"https:\/\/www.messinaoggi.it\/website\/wp-json\/wp\/v2\/users\/18"}],"replies":[{"embeddable":true,"href":"https:\/\/www.messinaoggi.it\/website\/wp-json\/wp\/v2\/comments?post=116880"}],"version-history":[{"count":0,"href":"https:\/\/www.messinaoggi.it\/website\/wp-json\/wp\/v2\/posts\/116880\/revisions"}],"wp:featuredmedia":[{"embeddable":true,"href":"https:\/\/www.messinaoggi.it\/website\/wp-json\/wp\/v2\/media\/116881"}],"wp:attachment":[{"href":"https:\/\/www.messinaoggi.it\/website\/wp-json\/wp\/v2\/media?parent=116880"}],"wp:term":[{"taxonomy":"category","embeddable":true,"href":"https:\/\/www.messinaoggi.it\/website\/wp-json\/wp\/v2\/categories?post=116880"},{"taxonomy":"post_tag","embeddable":true,"href":"https:\/\/www.messinaoggi.it\/website\/wp-json\/wp\/v2\/tags?post=116880"}],"curies":[{"name":"wp","href":"https:\/\/api.w.org\/{rel}","templated":true}]}}