{"id":116856,"date":"2022-08-03T21:07:51","date_gmt":"2022-08-03T19:07:51","guid":{"rendered":"https:\/\/www.messinaoggi.it\/website\/2022\/08\/03\/elezioni-di-maio-da-coalizione-pretendiamo-rispetto\/"},"modified":"2022-08-03T21:07:51","modified_gmt":"2022-08-03T19:07:51","slug":"elezioni-di-maio-da-coalizione-pretendiamo-rispetto","status":"publish","type":"post","link":"https:\/\/www.messinaoggi.it\/website\/2022\/08\/03\/elezioni-di-maio-da-coalizione-pretendiamo-rispetto\/","title":{"rendered":"Elezioni, Di Maio \u201cDa coalizione pretendiamo rispetto\u201d"},"content":{"rendered":"<div>ROMA (ITALPRESS) &#8211; &#8220;Nelle coalizioni deve prevalere il rispetto reciproco, verso tutti coloro che ne fanno parte. Sin dall&#8217;inizio, abbiamo avuto l&#8217;obiettivo di costruire una coalizione compatta e omogenea per fermare la deriva estremista rappresentata dai partiti che, per interessi personali, hanno fatto cadere il governo. Lo hanno fatto infischiandosene dell&#8217;emergenza economica nazionale, dell&#8217;inflazione record e dei costi del carrello della spesa che continuano ad aumentare, colpendo cos\u00ec le tasche delle famiglie italiane. E&#8217; opportuno, dunque, non perdere di vista l&#8217;obiettivo, anche per evitare di mandare al governo partiti che rischiano di portare l&#8217;Italia fuori dalla sua collocazione Euro-Atlantica. Continuiamo a porci con uno spirito costruttivo: quello di chi vuole dar vita a una coalizione che risponda agli interessi del Paese e non agli interessi del singolo partito&#8221;. Cos\u00ec Luigi Di Maio, capo politico di Impegno Civico. &#8220;E per delineare questa coalizione bisogna correre e procedere a passo spedito perch\u00e8 adesso c&#8217;\u00e8 poco tempo e si rischia solamente di lasciare il campo d&#8217;azione a chi ha causato la caduta del governo Draghi. Impegno Civico vuole costruire, \u00e8 una comunit\u00e0 fatta di persone determinate, pazienti, pronte a dare il massimo, ma la nostra comunit\u00e0 pretende rispetto e parit\u00e0 di trattamento. Altrimenti viene meno il principio fondante di una coalizione&#8221;, conclude Di Maio.<br \/>(ITALPRESS).<br \/>-foto agenziafotogramma.it-<\/div>\n<div id=\"div-gpt-ad-Messinaoggi.it-DSK-300x250-corpoart\" style=\"text-align:center;margin:0 auto;\"><\/div><\/p><div id=\"videoincontent\" style=\"clear:both\";><\/div>","protected":false},"excerpt":{"rendered":"<p>ROMA (ITALPRESS) &#8211; &#8220;Nelle coalizioni deve prevalere il rispetto reciproco, verso tutti coloro che ne fanno parte. Sin dall&#8217;inizio, abbiamo avuto l&#8217;obiettivo di costruire una coalizione compatta e omogenea per fermare la deriva estremista rappresentata dai partiti che, per interessi personali, hanno fatto cadere il governo. Lo hanno fatto infischiandosene dell&#8217;emergenza economica nazionale, dell&#8217;inflazione record [&hellip;]<\/p>\n","protected":false},"author":18,"featured_media":116857,"comment_status":"closed","ping_status":"closed","sticky":false,"template":"","format":"standard","meta":{"ub_ctt_via":"","_mi_skip_tracking":false},"categories":[446],"tags":[783],"featured_image_src":"https:\/\/www.messinaoggi.it\/website\/wp-content\/uploads\/2022\/08\/20220803_2435.jpg","author_info":{"display_name":"Admin","author_link":"https:\/\/www.messinaoggi.it\/website\/author\/admin\/"},"digistream_id":0,"digistream":false,"_links":{"self":[{"href":"https:\/\/www.messinaoggi.it\/website\/wp-json\/wp\/v2\/posts\/116856"}],"collection":[{"href":"https:\/\/www.messinaoggi.it\/website\/wp-json\/wp\/v2\/posts"}],"about":[{"href":"https:\/\/www.messinaoggi.it\/website\/wp-json\/wp\/v2\/types\/post"}],"author":[{"embeddable":true,"href":"https:\/\/www.messinaoggi.it\/website\/wp-json\/wp\/v2\/users\/18"}],"replies":[{"embeddable":true,"href":"https:\/\/www.messinaoggi.it\/website\/wp-json\/wp\/v2\/comments?post=116856"}],"version-history":[{"count":0,"href":"https:\/\/www.messinaoggi.it\/website\/wp-json\/wp\/v2\/posts\/116856\/revisions"}],"wp:featuredmedia":[{"embeddable":true,"href":"https:\/\/www.messinaoggi.it\/website\/wp-json\/wp\/v2\/media\/116857"}],"wp:attachment":[{"href":"https:\/\/www.messinaoggi.it\/website\/wp-json\/wp\/v2\/media?parent=116856"}],"wp:term":[{"taxonomy":"category","embeddable":true,"href":"https:\/\/www.messinaoggi.it\/website\/wp-json\/wp\/v2\/categories?post=116856"},{"taxonomy":"post_tag","embeddable":true,"href":"https:\/\/www.messinaoggi.it\/website\/wp-json\/wp\/v2\/tags?post=116856"}],"curies":[{"name":"wp","href":"https:\/\/api.w.org\/{rel}","templated":true}]}}