{"id":116844,"date":"2022-08-03T19:17:50","date_gmt":"2022-08-03T17:17:50","guid":{"rendered":"https:\/\/www.messinaoggi.it\/website\/2022\/08\/03\/musumeci-verso-le-dimissioni-elezioni-piu-vicine-in-sicilia\/"},"modified":"2022-08-03T19:17:50","modified_gmt":"2022-08-03T17:17:50","slug":"musumeci-verso-le-dimissioni-elezioni-piu-vicine-in-sicilia","status":"publish","type":"post","link":"https:\/\/www.messinaoggi.it\/website\/2022\/08\/03\/musumeci-verso-le-dimissioni-elezioni-piu-vicine-in-sicilia\/","title":{"rendered":"Musumeci verso le dimissioni, elezioni pi\u00f9 vicine in Sicilia"},"content":{"rendered":"<div>\n<p>PALERMO (ITALPRESS) \u2013 Chi \u00e8 vicino al governo regionale dice che il presidente Nello Musumeci ha cambiato idea pi\u00f9 volte nelle ultime ore circa la continuazione del proprio mandato o meno. Oggi il barometro segna \u201cdimissioni\u201d ma riuscire a fare una previsione o avere una idea certa, in questo momento, \u00e8 una cosa ardua. \u201cDimissioni? Speriamo\u201d, dicono esponenti di Diventer\u00e0 Bellissima (con una battuta, ma forse no\u2026) a margine della cerimonia del ventaglio di questa mattina a Palazzo dei Normanni. \u201cSar\u00e0 una estate calda\u201d, ammette un assessore al termine di una riunione a Palazzo d\u2019Orleans. E non faceva riferimento al clima, evidentemente. Ad oggi pomeriggio era solo un rincorrersi di voci e ai deputati che chiedevano qualcosa al presidente dell\u2019Assemblea regionale Gianfranco Miccich\u00e8 mentre il Parlamento discuteva delle variazioni di bilancio, lui rispondeva allargando le braccia: \u201cSulle voci riguardanti le possibili dimissioni del governatore Nello Musumeci ho chiesto notizie ai componenti del governo qui presenti in aula e mi hanno detto che non ne hanno. I lavori dell\u2019Ars non possono subire rallentamenti per via delle notizie di stampa\u201d. <br \/>Perch\u00e8 al di l\u00e0 delle voci che si rincorrono ci devono essere dei passaggi da rispettare: il presidente comunica le dimissioni in Giunta e poi deve fare un passaggio in Ars. Secondo gli osservatori la giunta potrebbe essere convocata sabato (ma ad oggi non c\u2019\u00e8 nessuna convocazione all\u2019orizzonte) e le comunicazioni all\u2019Ars date marted\u00ec prossimo. \u201cAccorpare le elezioni \u00e8 una facolt\u00e0 che la legge attribuisce al presidente della Regione ed \u00e8 una facolt\u00e0 sulla quale sto riflettendo, pensando presto di sciogliere ogni riserva in un senso o nell\u2019altro\u201d, ha detto Musumeci questa mattina a margine di una conferenza stampa sul biglietto unico per i trasporti a Palermo. \u201cTra domani e dopodomani scioglier\u00e0 la riserva\u201d, dicono fonti vicine al presidente. Intanto per domani sono previste delle visite istituzionali di Musumeci in alcuni comuni del palermitano, segno che la data potrebbe slittare verso il fine settimana. \u201cLa legislatura \u00e8 finita\u201d, ha rincarato la dose Miccich\u00e8 nel corso della cerimonia del Ventaglio, \u201cvenerd\u00ec Musumeci si dimette\u201d. E subito la temperatura (elettorale) si innalza. Un doppio appuntamento il 25 settembre comporta la composizione di liste per due elezioni diverse perdendo qualsiasi tipo di \u201cparacadute\u201d per i candidati che avrebbe potuto essere garantito dalle regionali in autunno. \u201cSiamo in campo per fare la nostra parte e l\u2019ipotesi di votare il 25 settembre non costituisce un problema \u2013 dice Vincenzo Figuccia -. La campagna elettorale per noi \u00e8 gi\u00e0 partita sui temi e sui programmi e lavoriamo per un centrodestra unito in grado di affermarsi sull\u2019allegra compagnia che sta costruendo il Pd di Enrico Letta. Lavoriamo con Matteo Salvini che proprio domani sar\u00e0 a Lampedusa per denunciare il fallimento delle politiche sull\u2019immigrazione targate sinistra. Rimaniamo in stand by per le elezioni siciliane in attesa delle decisioni che vorr\u00e0 assumere il presidente Nello Musumeci\u201d. <br \/>Dalle parti della Lega ci sarebbe Alessandro Pagano pronto a scaldare i motori come candidato di bandiera. \u201cAnche se si vota la settimana prossima, siamo pronti ad andare ad elezioni con un nostro candidato\u201d, ha detto invece Miccich\u00e8 rilanciando il nome di Stefania Prestigiacomo. <br \/>A sinistra, invece, scoppia il caso dell\u2019alleanza tra Pd e M5s saltata a livello nazionale ma ancora in piedi in Sicilia dal momento che si sarebbe votato dopo rispetto alle nazionali. <div id=\"div-gpt-ad-Messinaoggi.it-DSK-300x250-corpoart\" style=\"text-align:center;margin:0 auto;\"><\/div><\/p>\n<p>\u2013 foto agenziafotogramma.it \u2013<br \/>(ITALPRESS).<div id=\"videoincontent\" style=\"clear:both\";><\/div><\/p>\n<\/div>\n","protected":false},"excerpt":{"rendered":"<p>PALERMO (ITALPRESS) \u2013 Chi \u00e8 vicino al governo regionale dice che il presidente Nello Musumeci ha cambiato idea pi\u00f9 volte nelle ultime ore circa la continuazione del proprio mandato o meno. Oggi il barometro segna \u201cdimissioni\u201d ma riuscire a fare una previsione o avere una idea certa, in questo momento, \u00e8 una cosa ardua. \u201cDimissioni? [&hellip;]<\/p>\n","protected":false},"author":18,"featured_media":116845,"comment_status":"closed","ping_status":"closed","sticky":false,"template":"","format":"standard","meta":{"ub_ctt_via":"","_mi_skip_tracking":false},"categories":[2449],"tags":[783],"featured_image_src":"https:\/\/www.messinaoggi.it\/website\/wp-content\/uploads\/2022\/08\/20220803_2270.jpg","author_info":{"display_name":"Admin","author_link":"https:\/\/www.messinaoggi.it\/website\/author\/admin\/"},"digistream_id":0,"digistream":false,"_links":{"self":[{"href":"https:\/\/www.messinaoggi.it\/website\/wp-json\/wp\/v2\/posts\/116844"}],"collection":[{"href":"https:\/\/www.messinaoggi.it\/website\/wp-json\/wp\/v2\/posts"}],"about":[{"href":"https:\/\/www.messinaoggi.it\/website\/wp-json\/wp\/v2\/types\/post"}],"author":[{"embeddable":true,"href":"https:\/\/www.messinaoggi.it\/website\/wp-json\/wp\/v2\/users\/18"}],"replies":[{"embeddable":true,"href":"https:\/\/www.messinaoggi.it\/website\/wp-json\/wp\/v2\/comments?post=116844"}],"version-history":[{"count":0,"href":"https:\/\/www.messinaoggi.it\/website\/wp-json\/wp\/v2\/posts\/116844\/revisions"}],"wp:featuredmedia":[{"embeddable":true,"href":"https:\/\/www.messinaoggi.it\/website\/wp-json\/wp\/v2\/media\/116845"}],"wp:attachment":[{"href":"https:\/\/www.messinaoggi.it\/website\/wp-json\/wp\/v2\/media?parent=116844"}],"wp:term":[{"taxonomy":"category","embeddable":true,"href":"https:\/\/www.messinaoggi.it\/website\/wp-json\/wp\/v2\/categories?post=116844"},{"taxonomy":"post_tag","embeddable":true,"href":"https:\/\/www.messinaoggi.it\/website\/wp-json\/wp\/v2\/tags?post=116844"}],"curies":[{"name":"wp","href":"https:\/\/api.w.org\/{rel}","templated":true}]}}