{"id":116836,"date":"2022-08-03T18:08:39","date_gmt":"2022-08-03T16:08:39","guid":{"rendered":"https:\/\/www.messinaoggi.it\/website\/2022\/08\/03\/elezioni-renzi-non-mi-faccio-candidare-da-pd-per-la-poltrona\/"},"modified":"2022-08-03T18:08:39","modified_gmt":"2022-08-03T16:08:39","slug":"elezioni-renzi-non-mi-faccio-candidare-da-pd-per-la-poltrona","status":"publish","type":"post","link":"https:\/\/www.messinaoggi.it\/website\/2022\/08\/03\/elezioni-renzi-non-mi-faccio-candidare-da-pd-per-la-poltrona\/","title":{"rendered":"Elezioni, Renzi \u201cNon mi faccio candidare da Pd per la poltrona\u201d"},"content":{"rendered":"<div>ROMA (ITALPRESS) &#8211; &#8220;Cosa \u00e8 il diritto di tribuna? Un posto garantito come capolista del PD a tutti i leader dei partiti in coalizione. Cos\u00ec sono sicuri di entrare in Parlamento. Lo hanno proposto anche a noi. Pare che al momento abbia accettato di prendere questo posto e correre con il simbolo del PD, Luigi Di Maio. Amici miei, ma la dignit\u00e0 dov&#8217;\u00e8? Ho lasciato il PD perch\u00e8 non condividevo le idee di quel gruppo dirigente. Io non mi faccio adesso candidare da quel partito per salvare una poltrona&#8221;. Cos\u00ec, in un post su Facebook, il leader di Iv, Matteo Renzi. &#8220;Le idee valgono pi\u00f9 dei posti. Per me la politica \u00e8 un ideale, non un centro per l&#8217;impiego. E a chi mi chiede se useremo il diritto di tribuna rispondo: mi chiamo Matteo Renzi, io, non Luigi Di Maio. Meglio rischiare di perdere il seggio che avere la certezza di perdere la faccia&#8221;, conclude.<br \/>\n(ITALPRESS).<br \/>\n-foto agenziafotogramma.it-<\/div>\n<div id=\"div-gpt-ad-Messinaoggi.it-DSK-300x250-corpoart\" style=\"text-align:center;margin:0 auto;\"><\/div><\/p><div id=\"videoincontent\" style=\"clear:both\";><\/div>","protected":false},"excerpt":{"rendered":"<p>ROMA (ITALPRESS) &#8211; &#8220;Cosa \u00e8 il diritto di tribuna? Un posto garantito come capolista del PD a tutti i leader dei partiti in coalizione. Cos\u00ec sono sicuri di entrare in Parlamento. Lo hanno proposto anche a noi. Pare che al momento abbia accettato di prendere questo posto e correre con il simbolo del PD, Luigi [&hellip;]<\/p>\n","protected":false},"author":18,"featured_media":116837,"comment_status":"closed","ping_status":"closed","sticky":false,"template":"","format":"standard","meta":{"ub_ctt_via":"","_mi_skip_tracking":false},"categories":[446],"tags":[783],"featured_image_src":"https:\/\/www.messinaoggi.it\/website\/wp-content\/uploads\/2022\/08\/20220803_2089.jpg","author_info":{"display_name":"Admin","author_link":"https:\/\/www.messinaoggi.it\/website\/author\/admin\/"},"digistream_id":0,"digistream":false,"_links":{"self":[{"href":"https:\/\/www.messinaoggi.it\/website\/wp-json\/wp\/v2\/posts\/116836"}],"collection":[{"href":"https:\/\/www.messinaoggi.it\/website\/wp-json\/wp\/v2\/posts"}],"about":[{"href":"https:\/\/www.messinaoggi.it\/website\/wp-json\/wp\/v2\/types\/post"}],"author":[{"embeddable":true,"href":"https:\/\/www.messinaoggi.it\/website\/wp-json\/wp\/v2\/users\/18"}],"replies":[{"embeddable":true,"href":"https:\/\/www.messinaoggi.it\/website\/wp-json\/wp\/v2\/comments?post=116836"}],"version-history":[{"count":0,"href":"https:\/\/www.messinaoggi.it\/website\/wp-json\/wp\/v2\/posts\/116836\/revisions"}],"wp:featuredmedia":[{"embeddable":true,"href":"https:\/\/www.messinaoggi.it\/website\/wp-json\/wp\/v2\/media\/116837"}],"wp:attachment":[{"href":"https:\/\/www.messinaoggi.it\/website\/wp-json\/wp\/v2\/media?parent=116836"}],"wp:term":[{"taxonomy":"category","embeddable":true,"href":"https:\/\/www.messinaoggi.it\/website\/wp-json\/wp\/v2\/categories?post=116836"},{"taxonomy":"post_tag","embeddable":true,"href":"https:\/\/www.messinaoggi.it\/website\/wp-json\/wp\/v2\/tags?post=116836"}],"curies":[{"name":"wp","href":"https:\/\/api.w.org\/{rel}","templated":true}]}}