{"id":116834,"date":"2022-08-03T18:08:26","date_gmt":"2022-08-03T16:08:26","guid":{"rendered":"https:\/\/www.messinaoggi.it\/website\/2022\/08\/03\/koulibaly-mai-spinto-per-lasciare-napoli-chelsea-il-top\/"},"modified":"2022-08-03T18:08:26","modified_gmt":"2022-08-03T16:08:26","slug":"koulibaly-mai-spinto-per-lasciare-napoli-chelsea-il-top","status":"publish","type":"post","link":"https:\/\/www.messinaoggi.it\/website\/2022\/08\/03\/koulibaly-mai-spinto-per-lasciare-napoli-chelsea-il-top\/","title":{"rendered":"Koulibaly \u201cMai spinto per lasciare Napoli, Chelsea il top\u201d"},"content":{"rendered":"<div>LONDRA (INGHILTERRA) (ITALPRESS) &#8211; &#8220;So che avr\u00f2 bisogno di un p\u00f2 di tempo per ambientarmi. Tra due o tre mesi sar\u00f2 al top, ma al momento sto facendo le cose con calma, migliorando partita dopo partita. Sono pronto ad aiutare la squadra dar\u00f2 tutto quello che ho per la squadra e i tifosi&#8221;. Queste le prime parole da nuovo giocatore del Chelsea di Kalidou Koulibaly. Il centrale senegalese \u00e8 arrivato ai blues dal Napoli per 38 milioni di euro: &#8220;Ho molto rispetto per i tifosi e per il presidente, non ho mai spinto per andar via, ma era un buon momento per partire, dopo otto anni l\u00ec. Sono cresciuto molto. Perch\u00e8 il Chelsea? Era l&#8217;unico club che voleva davvero che venissi. Il primo contatto \u00e8 stato nel 2017, mi volevano quando qui c&#8217;era Antonio Conte. Sono felice di essere qui&#8221;. Sulla sua amicizia con Edouard Mendy e Jorginho ha spiegato: &#8220;Edou \u00e8 un fratello per me, abbiamo parlato molto del Chelsea in nazionale. In estate mi ha scritto in modo amichevole, senza pressioni, per venire al Chelsea, cos\u00ec come anche Jorgenho. Ho passato dei bei momenti al Napoli con lui. Mi diceva di venire qui. Mi \u00e8 mancato quando ha lasciato il Napoli e sono felice di essere di nuovo con lui qui a Londra&#8221;. KK arriva al Chelsea nell&#8217;apice del suo percorso di maturazione, avendo 31 anni: &#8220;Spero di restare qui a lungo. E&#8217; vero che ho 31 anni, ma posso ancora dare molto. Il club ha fiducia in me e voglio dimostrare che hanno fatto una buona scelta. Far\u00f2 del mio meglio per aiutare la squadra. Sono in un club con grandi giocatori. Dei vincitori&#8221;. Koulibaly si \u00e8 anche soffermato sul suo numero di maglia, il 26, e la chiamata a John Terry: &#8220;Aspettavo di firmare il contratto. Stavo parlando con il tecnico dei numeri e mi ha detto quelli liberi, ma non il 26. Ho chiesto e lui mi ha risposto che John l&#8217;ha lasciato nel 2017 e da allora nessuno l&#8217;ha preso. A quel punto ho parlato con Gianfranco Zola, che conosco bene e gli ho chiesto il numero. A quel punto ho chiamato Terry e gli ho detto che volevo prendere il suo numero, so che \u00e8 importante per lui, ma \u00e8 importante anche per me perch\u00e8 ce l&#8217;avevo al Napoli. So cosa ha fatto per il Chelsea, quindi quando mi ha detto di s\u00ec sono stato felice. Non volevo mancare di rispetto a una leggenda di questo club&#8221;. Infine, l&#8217;ex Napoli ha commentato le parole del presidente dei partenopei, Aurelio De Laurentiis, che in un&#8217;intervista aveva dichiarato di non volere pi\u00f9 acquistare giocatori africani, a meno che non rinuncino a giocare la Coppa D&#8217;Africa: &#8220;Per me la cosa pi\u00f9 importante \u00e8 rispettare tutti &#8211; ha premesso il centrale senegalese -. Quando giocavo a Napoli, rappresentavo anche il Senegal. Vero che \u00e8 stata dura per la squadra quando siamo andati in Coppa d&#8217;Africa, ma serve rispetto anche per le Nazionali africane. Come capitano del Senegal, penso non sia giusto parlare cos\u00ec di una nazionale africana. Rispetto quello che pensa, se crede che la squadra possa giocare senza africani \u00e8 un suo diritto. Ma sono sicuro che al Napoli ci sono tante persone che non la pensano come lui. Prendo queste parole come quello che pensa lui, non come quello che pensa la citt\u00e0 o la societ\u00e0&#8221;. <br \/>&#8211; Foto LivePhotoSport &#8211;<br \/>(ITALPRESS).<\/div>\n<div id=\"div-gpt-ad-Messinaoggi.it-DSK-300x250-corpoart\" style=\"text-align:center;margin:0 auto;\"><\/div><\/p><div id=\"videoincontent\" style=\"clear:both\";><\/div>","protected":false},"excerpt":{"rendered":"<p>LONDRA (INGHILTERRA) (ITALPRESS) &#8211; &#8220;So che avr\u00f2 bisogno di un p\u00f2 di tempo per ambientarmi. Tra due o tre mesi sar\u00f2 al top, ma al momento sto facendo le cose con calma, migliorando partita dopo partita. Sono pronto ad aiutare la squadra dar\u00f2 tutto quello che ho per la squadra e i tifosi&#8221;. Queste le [&hellip;]<\/p>\n","protected":false},"author":18,"featured_media":116835,"comment_status":"closed","ping_status":"closed","sticky":false,"template":"","format":"standard","meta":{"ub_ctt_via":"","_mi_skip_tracking":false},"categories":[446],"tags":[783],"featured_image_src":"https:\/\/www.messinaoggi.it\/website\/wp-content\/uploads\/2022\/08\/20220803_2082.jpg","author_info":{"display_name":"Admin","author_link":"https:\/\/www.messinaoggi.it\/website\/author\/admin\/"},"digistream_id":0,"digistream":false,"_links":{"self":[{"href":"https:\/\/www.messinaoggi.it\/website\/wp-json\/wp\/v2\/posts\/116834"}],"collection":[{"href":"https:\/\/www.messinaoggi.it\/website\/wp-json\/wp\/v2\/posts"}],"about":[{"href":"https:\/\/www.messinaoggi.it\/website\/wp-json\/wp\/v2\/types\/post"}],"author":[{"embeddable":true,"href":"https:\/\/www.messinaoggi.it\/website\/wp-json\/wp\/v2\/users\/18"}],"replies":[{"embeddable":true,"href":"https:\/\/www.messinaoggi.it\/website\/wp-json\/wp\/v2\/comments?post=116834"}],"version-history":[{"count":0,"href":"https:\/\/www.messinaoggi.it\/website\/wp-json\/wp\/v2\/posts\/116834\/revisions"}],"wp:featuredmedia":[{"embeddable":true,"href":"https:\/\/www.messinaoggi.it\/website\/wp-json\/wp\/v2\/media\/116835"}],"wp:attachment":[{"href":"https:\/\/www.messinaoggi.it\/website\/wp-json\/wp\/v2\/media?parent=116834"}],"wp:term":[{"taxonomy":"category","embeddable":true,"href":"https:\/\/www.messinaoggi.it\/website\/wp-json\/wp\/v2\/categories?post=116834"},{"taxonomy":"post_tag","embeddable":true,"href":"https:\/\/www.messinaoggi.it\/website\/wp-json\/wp\/v2\/tags?post=116834"}],"curies":[{"name":"wp","href":"https:\/\/api.w.org\/{rel}","templated":true}]}}