{"id":116776,"date":"2022-08-03T11:17:53","date_gmt":"2022-08-03T09:17:53","guid":{"rendered":"https:\/\/www.messinaoggi.it\/website\/2022\/08\/03\/musumeci-election-day-in-sicilia-presto-sciogliero-riserva\/"},"modified":"2022-08-03T11:17:53","modified_gmt":"2022-08-03T09:17:53","slug":"musumeci-election-day-in-sicilia-presto-sciogliero-riserva","status":"publish","type":"post","link":"https:\/\/www.messinaoggi.it\/website\/2022\/08\/03\/musumeci-election-day-in-sicilia-presto-sciogliero-riserva\/","title":{"rendered":"Musumeci \u201cElection Day in Sicilia? Presto scioglier\u00f2 riserva\u201d"},"content":{"rendered":"<div>\n<p>PALERMO (ITALPRESS) \u2013 \u201cPosso solo dirvi che sono fermo a quanto dichiarato alla conferenza stampa del 23 giugno scorso. Non mi sono mosso di alcun millimetro\u201d. Lo ha detto il presidente della regione, Nello Musumeci, rispondendo ai giornalisti a margine di un incontro a Palermo a proposito dell\u2019Election Day in Sicilia.<br \/>\u201cAccorpare le elezioni \u00e8 una facolt\u00e0 che la legge attribuisce al presidente della Regione ed \u00e8 una facolt\u00e0 sulla quale sto riflettendo, pensando presto di sciogliere ogni riserva in un senso o nell\u2019altro\u201d, ha aggiunto.<div id=\"div-gpt-ad-Messinaoggi.it-DSK-300x250-corpoart\" style=\"text-align:center;margin:0 auto;\"><\/div><\/p>\n<p>Foro: xd7<div id=\"videoincontent\" style=\"clear:both\";><\/div><\/p>\n<p>(ITALPRESS).<\/p>\n<\/div>\n","protected":false},"excerpt":{"rendered":"<p>PALERMO (ITALPRESS) \u2013 \u201cPosso solo dirvi che sono fermo a quanto dichiarato alla conferenza stampa del 23 giugno scorso. Non mi sono mosso di alcun millimetro\u201d. Lo ha detto il presidente della regione, Nello Musumeci, rispondendo ai giornalisti a margine di un incontro a Palermo a proposito dell\u2019Election Day in Sicilia.\u201cAccorpare le elezioni \u00e8 una [&hellip;]<\/p>\n","protected":false},"author":18,"featured_media":116777,"comment_status":"closed","ping_status":"closed","sticky":false,"template":"","format":"standard","meta":{"ub_ctt_via":"","_mi_skip_tracking":false},"categories":[2449],"tags":[783],"featured_image_src":"https:\/\/www.messinaoggi.it\/website\/wp-content\/uploads\/2022\/08\/20220803_0296.jpg","author_info":{"display_name":"Admin","author_link":"https:\/\/www.messinaoggi.it\/website\/author\/admin\/"},"digistream_id":0,"digistream":false,"_links":{"self":[{"href":"https:\/\/www.messinaoggi.it\/website\/wp-json\/wp\/v2\/posts\/116776"}],"collection":[{"href":"https:\/\/www.messinaoggi.it\/website\/wp-json\/wp\/v2\/posts"}],"about":[{"href":"https:\/\/www.messinaoggi.it\/website\/wp-json\/wp\/v2\/types\/post"}],"author":[{"embeddable":true,"href":"https:\/\/www.messinaoggi.it\/website\/wp-json\/wp\/v2\/users\/18"}],"replies":[{"embeddable":true,"href":"https:\/\/www.messinaoggi.it\/website\/wp-json\/wp\/v2\/comments?post=116776"}],"version-history":[{"count":0,"href":"https:\/\/www.messinaoggi.it\/website\/wp-json\/wp\/v2\/posts\/116776\/revisions"}],"wp:featuredmedia":[{"embeddable":true,"href":"https:\/\/www.messinaoggi.it\/website\/wp-json\/wp\/v2\/media\/116777"}],"wp:attachment":[{"href":"https:\/\/www.messinaoggi.it\/website\/wp-json\/wp\/v2\/media?parent=116776"}],"wp:term":[{"taxonomy":"category","embeddable":true,"href":"https:\/\/www.messinaoggi.it\/website\/wp-json\/wp\/v2\/categories?post=116776"},{"taxonomy":"post_tag","embeddable":true,"href":"https:\/\/www.messinaoggi.it\/website\/wp-json\/wp\/v2\/tags?post=116776"}],"curies":[{"name":"wp","href":"https:\/\/api.w.org\/{rel}","templated":true}]}}