{"id":116774,"date":"2022-08-03T11:17:50","date_gmt":"2022-08-03T09:17:50","guid":{"rendered":"https:\/\/www.messinaoggi.it\/website\/2022\/08\/03\/trasporti-a-palermo-abbonamento-integrato-per-trenitalia-e-amat\/"},"modified":"2022-08-03T11:17:50","modified_gmt":"2022-08-03T09:17:50","slug":"trasporti-a-palermo-abbonamento-integrato-per-trenitalia-e-amat","status":"publish","type":"post","link":"https:\/\/www.messinaoggi.it\/website\/2022\/08\/03\/trasporti-a-palermo-abbonamento-integrato-per-trenitalia-e-amat\/","title":{"rendered":"Trasporti a Palermo, abbonamento integrato per Trenitalia e Amat"},"content":{"rendered":"<div>\n<p>PALERMO (ITALPRESS) \u2013 Abbonamento integrato per i mezzi di trasporto della societ\u00e0 pubblica di Palermo (Amat che gestisce il trasporto urbano su gomma e i tram) e di Trenitalia nel circuito urbano della citt\u00e0. E\u2019 stato presentato questa mattina a Palazzo d\u2019Orl\u00e8ans nel corso di una conferenza stampa alla quale ha partecipato il presidente della Regione, Nello Musumeci, l\u2019assessore regionale Marco Falcone, il direttore regionale di Trenitalia Vincenzo Pullara e il sindaco di Palermo, Roberto Lagalla. \u201cDue anni fa abbiamo iniziato questo lavoro con il biglietto unico giornaliero, oggi questo biglietto \u00e8 implementato con abbonamento settimanale e mensile\u201d, ha spiegato l\u2019assessore regionale Marco Falcone, \u201cil primo ha un costo di 15 euro e il secondo vale 50 euro per viaggiare su tutti i mezzi di locomozione delle aziende. Questo \u00e8 stato possibile perch\u00e8 la regione \u00e8 intervenuta con un contributo di oltre 344 mila euro\u201d.  <br \/>Il biglietto unico giornaliero \u00e8 attivo anche a Messina e \u201centro il mese di settembre\u201d lo realizzeremo anche a Catania, ha aggiunto Falcone. \u201cObiettivo \u00e8 chi possiede un biglietto unico valido per una delle citt\u00e0 metropolitane lo possa utilizzare anche nelle altre due citt\u00e0 dell\u2019Isola\u201d, ha concluso Falcone. \u201cObiettivo \u00e8 rendere meno disagevole la pendolarit\u00e0 a chi si sposta per lavoro e al turista\u201d, ha spiegato Musumeci, \u201ce dare concreta attuazione all\u2019idea di citt\u00e0 metropolitana e alla mobilit\u00e0 interna\u201d. \u201cUna iniziativa coerente che la citt\u00e0 nell\u2019ambito di una pianificazione pi\u00f9 generale si \u00e8 data per favorire l\u2019intermodalit\u00e0 del trasporto pubblico di massa\u201d, ha aggiunto il sindaco Lagalla. L\u2019abbonamento mensile sar\u00e0 in vendita dal 6 agosto, il settimanale dal 27. Sar\u00e0 possibile acquistare i biglietti nelle biglietterie Trenitalia, nelle agenzie di viaggio e nei punti vendita autorizzati e on line sul sito Trenitalia (mobile e app).<div id=\"div-gpt-ad-Messinaoggi.it-DSK-300x250-corpoart\" style=\"text-align:center;margin:0 auto;\"><\/div><\/p>\n<p>\u2013 foto: xd5<div id=\"videoincontent\" style=\"clear:both\";><\/div><\/p>\n<p>(ITALPRESS).<\/p>\n<\/div>\n","protected":false},"excerpt":{"rendered":"<p>PALERMO (ITALPRESS) \u2013 Abbonamento integrato per i mezzi di trasporto della societ\u00e0 pubblica di Palermo (Amat che gestisce il trasporto urbano su gomma e i tram) e di Trenitalia nel circuito urbano della citt\u00e0. E\u2019 stato presentato questa mattina a Palazzo d\u2019Orl\u00e8ans nel corso di una conferenza stampa alla quale ha partecipato il presidente della [&hellip;]<\/p>\n","protected":false},"author":18,"featured_media":116775,"comment_status":"closed","ping_status":"closed","sticky":false,"template":"","format":"standard","meta":{"ub_ctt_via":"","_mi_skip_tracking":false},"categories":[2449],"tags":[783],"featured_image_src":"https:\/\/www.messinaoggi.it\/website\/wp-content\/uploads\/2022\/08\/20220803_0322.jpg","author_info":{"display_name":"Admin","author_link":"https:\/\/www.messinaoggi.it\/website\/author\/admin\/"},"digistream_id":0,"digistream":false,"_links":{"self":[{"href":"https:\/\/www.messinaoggi.it\/website\/wp-json\/wp\/v2\/posts\/116774"}],"collection":[{"href":"https:\/\/www.messinaoggi.it\/website\/wp-json\/wp\/v2\/posts"}],"about":[{"href":"https:\/\/www.messinaoggi.it\/website\/wp-json\/wp\/v2\/types\/post"}],"author":[{"embeddable":true,"href":"https:\/\/www.messinaoggi.it\/website\/wp-json\/wp\/v2\/users\/18"}],"replies":[{"embeddable":true,"href":"https:\/\/www.messinaoggi.it\/website\/wp-json\/wp\/v2\/comments?post=116774"}],"version-history":[{"count":0,"href":"https:\/\/www.messinaoggi.it\/website\/wp-json\/wp\/v2\/posts\/116774\/revisions"}],"wp:featuredmedia":[{"embeddable":true,"href":"https:\/\/www.messinaoggi.it\/website\/wp-json\/wp\/v2\/media\/116775"}],"wp:attachment":[{"href":"https:\/\/www.messinaoggi.it\/website\/wp-json\/wp\/v2\/media?parent=116774"}],"wp:term":[{"taxonomy":"category","embeddable":true,"href":"https:\/\/www.messinaoggi.it\/website\/wp-json\/wp\/v2\/categories?post=116774"},{"taxonomy":"post_tag","embeddable":true,"href":"https:\/\/www.messinaoggi.it\/website\/wp-json\/wp\/v2\/tags?post=116774"}],"curies":[{"name":"wp","href":"https:\/\/api.w.org\/{rel}","templated":true}]}}