{"id":116752,"date":"2022-08-03T09:32:52","date_gmt":"2022-08-03T07:32:52","guid":{"rendered":"https:\/\/www.messinaoggi.it\/website\/2022\/08\/03\/lega-pronti-per-election-day-in-sicilia-no-alla-prestigiacomo\/"},"modified":"2022-08-03T09:47:19","modified_gmt":"2022-08-03T07:47:19","slug":"lega-pronti-per-election-day-in-sicilia-no-alla-prestigiacomo","status":"publish","type":"post","link":"https:\/\/www.messinaoggi.it\/website\/2022\/08\/03\/lega-pronti-per-election-day-in-sicilia-no-alla-prestigiacomo\/","title":{"rendered":"Lega \u201cPronti per Election Day in Sicilia, no alla Prestigiacomo\u201d"},"content":{"rendered":"<div>\n<p>PALERMO (ITALPRESS) \u2013 \u201cElection Day? La Lega \u00e8 pronta, il nostro gruppo dirigente \u00e8 al lavoro per mettere in campo iniziative in un\u2019unica campagna elettorale. Io sto seguendo la partita romana, Luca Sammartino dar\u00e0 una mano su tutta la parte organizzativa della campagna elettorale\u00bb.<br \/>Cos\u00ec il deputato Nino Minardo, coordinatore della Lega<br \/>della regione Sicilia, in una intervista a La Repubblica Palermo. <br \/>\u00abPer la Lega la priorit\u00e0 \u00e8 innanzitutto il centrodestra unito, una coalizione che guardi con responsabilit\u00e0 a quelli che sono i problemi reali in Sicilia: rifiuti, infrastrutture, turismo\u201d continua Minardo. \u201cTutto questo si pu\u00f2 fare con un nuovo governo targato Nello Musumeci? Io non mi sono mai permesso di dare giudizi sulle persone perch\u00e8 ne ho profondo rispetto, non lo far\u00f2 neppure oggi. Ma credo che siamo gi\u00e0 in ritardo: la coalizione deve individuare in fretta delle soluzioni che partano dal territorio e che siano unitarie. La Lega ha sicuramente tutte le carte in regola per poter esprimere la candidaturaalla presidenza della Regione\u00bb.<br \/>\u201cIl nome che propone la Lega? Nino Minardo o Alessandro Pagano?<br \/>Tra me e Alessandro c\u2019\u00e8 un rapporto talmente solido, prima di tutto sul piano personale, che qualora si dovesse porre il problema, lo risolveremmo in cinque minuti davanti a un caff\u00e8, ne sono convinto \u2013 prosegue Minardo \u2013 La proposta di Stancanelli? Quello \u00e8 un dibattito interno a Fratelli d\u2019Italia che guardo con grande rispetto. Io stimo Raffaele Stancanelli, \u00e8 chiaro che da segretario regionale della Lega non potrei avanzare un nome di un altro partito\u00bb.<br \/>Sulla forzista Stefania Prestigiacomo e la sua apertura sui migranti Minardo dice: \u00abLa nostra posizione su questo argomento mi pare fin troppo chiara: consentire un fenomeno di traffico di uomini animato da persone che lo sfruttano non \u00e8 positivo. Se qualcun altro preferisce sbarchi, morte e reati, mi dispiace per lui o lei. Noi su questo abbiamo una posizione chiara\u00bb.<br \/>Tornando all\u2019Election Day: \u201cSemplifica per i cittadini la possibilit\u00e0 di esprimere la propria scelta per entrambi gli appuntamenti. Detto ci\u00f2, se Musumeci dovesse decidere di andare avanti fino a novembre, per noi andrebbe bene lo stesso. Il candidato sar\u00e0 scelto a Roma o in Sicilia? Assolutamente in Sicilia\u201d. <div id=\"div-gpt-ad-Messinaoggi.it-DSK-300x250-corpoart\" style=\"text-align:center;margin:0 auto;\"><\/div><\/p>\n<p>\u2013 foto: Ufficio stampa Lega<div id=\"videoincontent\" style=\"clear:both\";><\/div><\/p>\n<p>(ITALPRESS).<\/p>\n<\/div>\n","protected":false},"excerpt":{"rendered":"<p>PALERMO (ITALPRESS) \u2013 \u201cElection Day? La Lega \u00e8 pronta, il nostro gruppo dirigente \u00e8 al lavoro per mettere in campo iniziative in un\u2019unica campagna elettorale. Io sto seguendo la partita romana, Luca Sammartino dar\u00e0 una mano su tutta la parte organizzativa della campagna elettorale\u00bb.Cos\u00ec il deputato Nino Minardo, coordinatore della Legadella regione Sicilia, in una [&hellip;]<\/p>\n","protected":false},"author":18,"featured_media":116753,"comment_status":"closed","ping_status":"closed","sticky":false,"template":"","format":"standard","meta":{"ub_ctt_via":"","_mi_skip_tracking":false},"categories":[6,2449],"tags":[783],"featured_image_src":"https:\/\/www.messinaoggi.it\/website\/wp-content\/uploads\/2022\/08\/20220803_0110.jpg","author_info":{"display_name":"Admin","author_link":"https:\/\/www.messinaoggi.it\/website\/author\/admin\/"},"digistream_id":0,"digistream":false,"_links":{"self":[{"href":"https:\/\/www.messinaoggi.it\/website\/wp-json\/wp\/v2\/posts\/116752"}],"collection":[{"href":"https:\/\/www.messinaoggi.it\/website\/wp-json\/wp\/v2\/posts"}],"about":[{"href":"https:\/\/www.messinaoggi.it\/website\/wp-json\/wp\/v2\/types\/post"}],"author":[{"embeddable":true,"href":"https:\/\/www.messinaoggi.it\/website\/wp-json\/wp\/v2\/users\/18"}],"replies":[{"embeddable":true,"href":"https:\/\/www.messinaoggi.it\/website\/wp-json\/wp\/v2\/comments?post=116752"}],"version-history":[{"count":1,"href":"https:\/\/www.messinaoggi.it\/website\/wp-json\/wp\/v2\/posts\/116752\/revisions"}],"predecessor-version":[{"id":116756,"href":"https:\/\/www.messinaoggi.it\/website\/wp-json\/wp\/v2\/posts\/116752\/revisions\/116756"}],"wp:featuredmedia":[{"embeddable":true,"href":"https:\/\/www.messinaoggi.it\/website\/wp-json\/wp\/v2\/media\/116753"}],"wp:attachment":[{"href":"https:\/\/www.messinaoggi.it\/website\/wp-json\/wp\/v2\/media?parent=116752"}],"wp:term":[{"taxonomy":"category","embeddable":true,"href":"https:\/\/www.messinaoggi.it\/website\/wp-json\/wp\/v2\/categories?post=116752"},{"taxonomy":"post_tag","embeddable":true,"href":"https:\/\/www.messinaoggi.it\/website\/wp-json\/wp\/v2\/tags?post=116752"}],"curies":[{"name":"wp","href":"https:\/\/api.w.org\/{rel}","templated":true}]}}