{"id":116742,"date":"2022-08-03T08:10:33","date_gmt":"2022-08-03T06:10:33","guid":{"rendered":"http:\/\/www.messinaoggi.it\/website\/?p=116742"},"modified":"2022-08-03T08:10:34","modified_gmt":"2022-08-03T06:10:34","slug":"citta-metropolitana-approvato-il-bilancio-di-previsione","status":"publish","type":"post","link":"https:\/\/www.messinaoggi.it\/website\/2022\/08\/03\/citta-metropolitana-approvato-il-bilancio-di-previsione\/","title":{"rendered":"Citt\u00e0 metropolitana, approvato il bilancio di previsione"},"content":{"rendered":"\n<p>La Conferenza metropolitana, ovvero l\u2019assemblea dei sindaci del territorio provinciale presieduta dal sindaco metropolitano Federico Basile, si \u00e8 riunita ieri in presenza nel Salone degli specchi di Palazzo dei Leoni e in teleconferenza, e ha approvato all\u2019unanimit\u00e0 il bilancio di previsione 2022\/2024 della citt\u00e0 metropolitana, con una rappresentanza della popolazione provinciale superiore all\u2019ottanta per cento.<div id=\"div-gpt-ad-Messinaoggi.it-DSK-300x250-corpoart\" style=\"text-align:center;margin:0 auto;\"><\/div><\/p>\n\n\n\n<p>Presenti all\u2019adunanza il presidente del Collegio dei Revisori Giuseppe Galati e la dottoressa Maria Grazia Nulli dirigente facente funzioni del settore finanziario. Si tratta di un provvedimento la cui adozione mette in sicurezza l\u2019Ente dal punto di vista finanziario e consente l\u2019utilizzo di importanti risorse che, pur essendo nella disponibilit\u00e0 dell\u2019Ente, non erano utilizzabili per mancanza di bilancio. L\u2019assemblea dei sindaci, su richiesta di Basile, ha approvato il bilancio, riservandosi di fare eventuali emendamenti e suggerire modifiche nelle successive sedute, nelle quali sar\u00e0 gi\u00e0 possibile impegnare l\u2019avanzo di amministrazione.<div id=\"videoincontent\" style=\"clear:both\";><\/div><\/p>\n\n\n\n<p>\u201cSono molto soddisfatto per l\u2019approvazione da parte della Conferenza metropolitana del bilancio di previsione 2022\/2024 &#8211; ha dichiarato Basile &#8211; si tratta di un atto che giaceva negli uffici da troppo tempo che la nuova amministrazione ha subito ripreso e riproposto. Sono soddisfatto per lo spirito di coesione e collaborazione trovato nei sindaci presenti massicciamente nonostante il periodo estivo. Sono soddisfatto perch\u00e9 \u00e8 stato avviato un percorso di sinergia e collaborazione con i Comuni che, entro fine mese, consentir\u00e0 l\u2019approvazione del rendiconto di gestione, recuperando il tempo perduto.<\/p>\n\n\n\n<p>\u201cRitengo doveroso un ringraziamento ai sindaci del territorio che con questa approvazione hanno ritenuto di fare un grande atto di fiducia nei confronti di questa amministrazione ma soprattutto di aprire un percorso virtuoso che dovr\u00e0 ripartire dai territori\u201d.<\/p>\n","protected":false},"excerpt":{"rendered":"<p>La Conferenza metropolitana, ovvero l\u2019assemblea dei sindaci del territorio provinciale presieduta dal sindaco metropolitano Federico Basile, si \u00e8 riunita ieri in presenza nel Salone degli specchi di Palazzo dei Leoni e in teleconferenza, e ha approvato all\u2019unanimit\u00e0 il bilancio di previsione 2022\/2024 della citt\u00e0 metropolitana, con una rappresentanza della popolazione provinciale superiore all\u2019ottanta per cento. [&hellip;]<\/p>\n","protected":false},"author":8,"featured_media":2246,"comment_status":"open","ping_status":"open","sticky":false,"template":"","format":"standard","meta":{"ub_ctt_via":"","_mi_skip_tracking":false},"categories":[5],"tags":[4900],"featured_image_src":"https:\/\/www.messinaoggi.it\/website\/wp-content\/uploads\/2017\/06\/Palazzo-dei-Leoni-sede-provincia-2.jpg","author_info":{"display_name":"red..me","author_link":"https:\/\/www.messinaoggi.it\/website\/author\/redstage\/"},"digistream_id":0,"digistream":false,"_links":{"self":[{"href":"https:\/\/www.messinaoggi.it\/website\/wp-json\/wp\/v2\/posts\/116742"}],"collection":[{"href":"https:\/\/www.messinaoggi.it\/website\/wp-json\/wp\/v2\/posts"}],"about":[{"href":"https:\/\/www.messinaoggi.it\/website\/wp-json\/wp\/v2\/types\/post"}],"author":[{"embeddable":true,"href":"https:\/\/www.messinaoggi.it\/website\/wp-json\/wp\/v2\/users\/8"}],"replies":[{"embeddable":true,"href":"https:\/\/www.messinaoggi.it\/website\/wp-json\/wp\/v2\/comments?post=116742"}],"version-history":[{"count":1,"href":"https:\/\/www.messinaoggi.it\/website\/wp-json\/wp\/v2\/posts\/116742\/revisions"}],"predecessor-version":[{"id":116743,"href":"https:\/\/www.messinaoggi.it\/website\/wp-json\/wp\/v2\/posts\/116742\/revisions\/116743"}],"wp:featuredmedia":[{"embeddable":true,"href":"https:\/\/www.messinaoggi.it\/website\/wp-json\/wp\/v2\/media\/2246"}],"wp:attachment":[{"href":"https:\/\/www.messinaoggi.it\/website\/wp-json\/wp\/v2\/media?parent=116742"}],"wp:term":[{"taxonomy":"category","embeddable":true,"href":"https:\/\/www.messinaoggi.it\/website\/wp-json\/wp\/v2\/categories?post=116742"},{"taxonomy":"post_tag","embeddable":true,"href":"https:\/\/www.messinaoggi.it\/website\/wp-json\/wp\/v2\/tags?post=116742"}],"curies":[{"name":"wp","href":"https:\/\/api.w.org\/{rel}","templated":true}]}}