{"id":116732,"date":"2022-08-02T22:07:50","date_gmt":"2022-08-02T20:07:50","guid":{"rendered":"https:\/\/www.messinaoggi.it\/website\/2022\/08\/02\/de-ketelaere-e-un-nuovo-giocatore-del-milan-firma-fino-al-2027\/"},"modified":"2022-08-02T22:07:50","modified_gmt":"2022-08-02T20:07:50","slug":"de-ketelaere-e-un-nuovo-giocatore-del-milan-firma-fino-al-2027","status":"publish","type":"post","link":"https:\/\/www.messinaoggi.it\/website\/2022\/08\/02\/de-ketelaere-e-un-nuovo-giocatore-del-milan-firma-fino-al-2027\/","title":{"rendered":"De Ketelaere \u00e8 un nuovo giocatore del Milan, firma fino al 2027"},"content":{"rendered":"<div>MILANO (ITALPRESS) &#8211; Una lunga attesa, ma al termine di una trattativa complessa Charles De Ketelaere \u00e8 un nuovo giocatore del Milan. Il nazionale belga, classe 2001, \u00e8 atterrato a Milano intorno alla mezzanotte di luned\u00ec e questa mattina ha sostenuto le visite mediche. La societ\u00e0 rossonera ha poi ufficializzato in serata l&#8217;arrivo a titolo definitivo dal Bruges: De Ketelaere ha firmato un contratto fino al 30 giugno 2027 e vestir\u00e0 la maglia numero 90.<br \/>Cresciuto nel settore giovanile del Bruges, ha debuttato in prima squadra nel 2019, totalizzando 120 presenze e 25 gol e vincendo tre campionati e due Supercoppe del Belgio. Nel novembre 2020 l&#8217;esordio con la Nazionale dei Diavoli Rossi, con cui vanta otto presenze e un gol.<div id=\"div-gpt-ad-Messinaoggi.it-DSK-300x250-corpoart\" style=\"text-align:center;margin:0 auto;\"><\/div><\/p>\n<p>&#8220;Sono ovviamente molto entusiasta di imbarcarmi in questo nuovo viaggio. Sono un giovane calciatore che aveva l&#8217;ambizione di giocare all&#8217;estero, in un top team &#8211; le prime parole di Charles De Ketelaere, rilasciate al sito del Bruges, dopo l&#8217;ufficialit\u00e0 del suo trasferimento al Milan &#8211; Voglio ringraziare tutti al Bruges per tutte le chance che mi sono state date, sar\u00e0 per sempre casa mia&#8221;.<br \/>&#8211; foto LivePhotoSport &#8211;<br \/>(ITALPRESS).<\/div>\n<div id=\"videoincontent\" style=\"clear:both\";><\/div>","protected":false},"excerpt":{"rendered":"<p>MILANO (ITALPRESS) &#8211; Una lunga attesa, ma al termine di una trattativa complessa Charles De Ketelaere \u00e8 un nuovo giocatore del Milan. Il nazionale belga, classe 2001, \u00e8 atterrato a Milano intorno alla mezzanotte di luned\u00ec e questa mattina ha sostenuto le visite mediche. La societ\u00e0 rossonera ha poi ufficializzato in serata l&#8217;arrivo a titolo [&hellip;]<\/p>\n","protected":false},"author":18,"featured_media":116733,"comment_status":"closed","ping_status":"closed","sticky":false,"template":"","format":"standard","meta":{"ub_ctt_via":"","_mi_skip_tracking":false},"categories":[446],"tags":[783],"featured_image_src":"https:\/\/www.messinaoggi.it\/website\/wp-content\/uploads\/2022\/08\/20220802_2086.jpg","author_info":{"display_name":"Admin","author_link":"https:\/\/www.messinaoggi.it\/website\/author\/admin\/"},"digistream_id":0,"digistream":false,"_links":{"self":[{"href":"https:\/\/www.messinaoggi.it\/website\/wp-json\/wp\/v2\/posts\/116732"}],"collection":[{"href":"https:\/\/www.messinaoggi.it\/website\/wp-json\/wp\/v2\/posts"}],"about":[{"href":"https:\/\/www.messinaoggi.it\/website\/wp-json\/wp\/v2\/types\/post"}],"author":[{"embeddable":true,"href":"https:\/\/www.messinaoggi.it\/website\/wp-json\/wp\/v2\/users\/18"}],"replies":[{"embeddable":true,"href":"https:\/\/www.messinaoggi.it\/website\/wp-json\/wp\/v2\/comments?post=116732"}],"version-history":[{"count":0,"href":"https:\/\/www.messinaoggi.it\/website\/wp-json\/wp\/v2\/posts\/116732\/revisions"}],"wp:featuredmedia":[{"embeddable":true,"href":"https:\/\/www.messinaoggi.it\/website\/wp-json\/wp\/v2\/media\/116733"}],"wp:attachment":[{"href":"https:\/\/www.messinaoggi.it\/website\/wp-json\/wp\/v2\/media?parent=116732"}],"wp:term":[{"taxonomy":"category","embeddable":true,"href":"https:\/\/www.messinaoggi.it\/website\/wp-json\/wp\/v2\/categories?post=116732"},{"taxonomy":"post_tag","embeddable":true,"href":"https:\/\/www.messinaoggi.it\/website\/wp-json\/wp\/v2\/tags?post=116732"}],"curies":[{"name":"wp","href":"https:\/\/api.w.org\/{rel}","templated":true}]}}