{"id":116721,"date":"2022-08-03T00:01:51","date_gmt":"2022-08-02T22:01:51","guid":{"rendered":"http:\/\/www.messinaoggi.it\/website\/?p=116721"},"modified":"2022-08-02T19:46:33","modified_gmt":"2022-08-02T17:46:33","slug":"ryanair-assume-personale-selezioni-a-messina","status":"publish","type":"post","link":"https:\/\/www.messinaoggi.it\/website\/2022\/08\/03\/ryanair-assume-personale-selezioni-a-messina\/","title":{"rendered":"Ryanair assume personale, selezioni a Messina"},"content":{"rendered":"\n<p>Sono state programmate per gioved\u00ec 4 e venerd\u00ec 5 agosto a Messina, due giornate di recruiting per nuovi assistenti di volo che saranno effettuate da Lauda Europe, compagnia del gruppo Ryanair.Le selezioni saranno aperte a chiunque vorr\u00e0 partecipare, semplicemente presentandosi presso l\u2019Europa Palace Hotel- S.S.114 Km.5.470, 98125 Pistunina &#8211; in una delle quattro sessioni previste, alle 10 e alle 15 di gioved\u00ec e venerd\u00ec . Ai candidati, che saranno chiamati ad affrontare una breve prova di lingua inglese come pre-selezione per l\u2019accesso ai colloqui individuali, saranno poi spiegate nel dettaglio le opportunit\u00e0 relative all\u2019accesso al lavoro in Lauda Europe, a cominciare da un corso di formazione di sei settimane completamente gratuito, per il quale \u00e8 prevista una diaria giornaliera, che dar\u00e0 poi accesso alla collocazione in una delle basi del network Lauda Europe. Ad accogliere i candidati sar\u00e0 presente l\u2019Head of Inflight di Lauda Europe Ltd, Maria Cristina Civiletti.<div id=\"div-gpt-ad-Messinaoggi.it-DSK-300x250-corpoart\" style=\"text-align:center;margin:0 auto;\"><\/div><\/p>\n<div id=\"videoincontent\" style=\"clear:both\";><\/div>","protected":false},"excerpt":{"rendered":"<p>Sono state programmate per gioved\u00ec 4 e venerd\u00ec 5 agosto a Messina, due giornate di recruiting per nuovi assistenti di volo che saranno effettuate da Lauda Europe, compagnia del gruppo Ryanair.Le selezioni saranno aperte a chiunque vorr\u00e0 partecipare, semplicemente presentandosi presso l\u2019Europa Palace Hotel- S.S.114 Km.5.470, 98125 Pistunina &#8211; in una delle quattro sessioni previste, [&hellip;]<\/p>\n","protected":false},"author":2,"featured_media":116722,"comment_status":"open","ping_status":"open","sticky":false,"template":"","format":"standard","meta":{"ub_ctt_via":"","_mi_skip_tracking":false},"categories":[6],"tags":[4897,1029,4899,4896,4898],"featured_image_src":"https:\/\/www.messinaoggi.it\/website\/wp-content\/uploads\/2022\/08\/CB8E7200-970A-431C-9E09-390EB0C62E8C.jpeg","author_info":{"display_name":"Redazione","author_link":"https:\/\/www.messinaoggi.it\/website\/author\/redazione\/"},"digistream_id":0,"digistream":false,"_links":{"self":[{"href":"https:\/\/www.messinaoggi.it\/website\/wp-json\/wp\/v2\/posts\/116721"}],"collection":[{"href":"https:\/\/www.messinaoggi.it\/website\/wp-json\/wp\/v2\/posts"}],"about":[{"href":"https:\/\/www.messinaoggi.it\/website\/wp-json\/wp\/v2\/types\/post"}],"author":[{"embeddable":true,"href":"https:\/\/www.messinaoggi.it\/website\/wp-json\/wp\/v2\/users\/2"}],"replies":[{"embeddable":true,"href":"https:\/\/www.messinaoggi.it\/website\/wp-json\/wp\/v2\/comments?post=116721"}],"version-history":[{"count":1,"href":"https:\/\/www.messinaoggi.it\/website\/wp-json\/wp\/v2\/posts\/116721\/revisions"}],"predecessor-version":[{"id":116723,"href":"https:\/\/www.messinaoggi.it\/website\/wp-json\/wp\/v2\/posts\/116721\/revisions\/116723"}],"wp:featuredmedia":[{"embeddable":true,"href":"https:\/\/www.messinaoggi.it\/website\/wp-json\/wp\/v2\/media\/116722"}],"wp:attachment":[{"href":"https:\/\/www.messinaoggi.it\/website\/wp-json\/wp\/v2\/media?parent=116721"}],"wp:term":[{"taxonomy":"category","embeddable":true,"href":"https:\/\/www.messinaoggi.it\/website\/wp-json\/wp\/v2\/categories?post=116721"},{"taxonomy":"post_tag","embeddable":true,"href":"https:\/\/www.messinaoggi.it\/website\/wp-json\/wp\/v2\/tags?post=116721"}],"curies":[{"name":"wp","href":"https:\/\/api.w.org\/{rel}","templated":true}]}}