{"id":116638,"date":"2022-08-02T10:07:54","date_gmt":"2022-08-02T08:07:54","guid":{"rendered":"https:\/\/www.messinaoggi.it\/website\/2022\/08\/02\/elezioni-renzi-terzo-polo-con-calenda-sarebbe-unottima-idea\/"},"modified":"2022-08-02T10:07:54","modified_gmt":"2022-08-02T08:07:54","slug":"elezioni-renzi-terzo-polo-con-calenda-sarebbe-unottima-idea","status":"publish","type":"post","link":"https:\/\/www.messinaoggi.it\/website\/2022\/08\/02\/elezioni-renzi-terzo-polo-con-calenda-sarebbe-unottima-idea\/","title":{"rendered":"Elezioni, Renzi \u201cTerzo polo con Calenda sarebbe un\u2019ottima idea\u201d"},"content":{"rendered":"<div>ROMA (ITALPRESS) &#8211; &#8220;Noi dobbiamo concentrarci in questo agosto sulla politica. In questo momento i dirigenti politici stanno cercando di capire se tornano in Parlamento, su come si fa per far scattare il seggio, questa volta ci sono meno posti di prima&#8221;. Lo ha detto il leader di Italia Viva, Matteo Renzi, ospite di Rtl 102.5. &#8220;Noi siamo talmente liberi e coraggiosi che siamo pronti ad andare da soli e fare il terzo polo, meglio soli che male accompagnati. Terzo polo con Calenda? Sarebbe un&#8217;ottima idea, ma saranno loro a decidere&#8221;, ha aggiunto.<br \/>&#8220;Il Pd vuole aumentare le tasse, cos\u00ec vuole perdere, votare per chi aumenta le tasse e rinnega Draghi, con Fratoianni, non \u00e8 la strada giusta. Io con questa alleanza non ci sto. Un&#8217;alleanza con dentro tutto e il contrario di tutto non \u00e8 la nostra casa. Il mio obiettivo \u00e8 prendere il 5%, chi vota noi non vota pasticci&#8221;, ha spiegato.<br \/>(ITALPRESS).<br \/>-foto agenziafotogramma.it-<\/div>\n<div id=\"div-gpt-ad-Messinaoggi.it-DSK-300x250-corpoart\" style=\"text-align:center;margin:0 auto;\"><\/div><\/p><div id=\"videoincontent\" style=\"clear:both\";><\/div>","protected":false},"excerpt":{"rendered":"<p>ROMA (ITALPRESS) &#8211; &#8220;Noi dobbiamo concentrarci in questo agosto sulla politica. In questo momento i dirigenti politici stanno cercando di capire se tornano in Parlamento, su come si fa per far scattare il seggio, questa volta ci sono meno posti di prima&#8221;. Lo ha detto il leader di Italia Viva, Matteo Renzi, ospite di Rtl [&hellip;]<\/p>\n","protected":false},"author":18,"featured_media":116639,"comment_status":"closed","ping_status":"closed","sticky":false,"template":"","format":"standard","meta":{"ub_ctt_via":"","_mi_skip_tracking":false},"categories":[446],"tags":[783],"featured_image_src":"https:\/\/www.messinaoggi.it\/website\/wp-content\/uploads\/2022\/08\/20220802_0168.jpg","author_info":{"display_name":"Admin","author_link":"https:\/\/www.messinaoggi.it\/website\/author\/admin\/"},"digistream_id":0,"digistream":false,"_links":{"self":[{"href":"https:\/\/www.messinaoggi.it\/website\/wp-json\/wp\/v2\/posts\/116638"}],"collection":[{"href":"https:\/\/www.messinaoggi.it\/website\/wp-json\/wp\/v2\/posts"}],"about":[{"href":"https:\/\/www.messinaoggi.it\/website\/wp-json\/wp\/v2\/types\/post"}],"author":[{"embeddable":true,"href":"https:\/\/www.messinaoggi.it\/website\/wp-json\/wp\/v2\/users\/18"}],"replies":[{"embeddable":true,"href":"https:\/\/www.messinaoggi.it\/website\/wp-json\/wp\/v2\/comments?post=116638"}],"version-history":[{"count":0,"href":"https:\/\/www.messinaoggi.it\/website\/wp-json\/wp\/v2\/posts\/116638\/revisions"}],"wp:featuredmedia":[{"embeddable":true,"href":"https:\/\/www.messinaoggi.it\/website\/wp-json\/wp\/v2\/media\/116639"}],"wp:attachment":[{"href":"https:\/\/www.messinaoggi.it\/website\/wp-json\/wp\/v2\/media?parent=116638"}],"wp:term":[{"taxonomy":"category","embeddable":true,"href":"https:\/\/www.messinaoggi.it\/website\/wp-json\/wp\/v2\/categories?post=116638"},{"taxonomy":"post_tag","embeddable":true,"href":"https:\/\/www.messinaoggi.it\/website\/wp-json\/wp\/v2\/tags?post=116638"}],"curies":[{"name":"wp","href":"https:\/\/api.w.org\/{rel}","templated":true}]}}