{"id":116636,"date":"2022-08-02T10:07:52","date_gmt":"2022-08-02T08:07:52","guid":{"rendered":"https:\/\/www.messinaoggi.it\/website\/2022\/08\/02\/elezioni-conte-nessun-contrasto-con-grillo-per-le-liste\/"},"modified":"2022-08-02T10:07:52","modified_gmt":"2022-08-02T08:07:52","slug":"elezioni-conte-nessun-contrasto-con-grillo-per-le-liste","status":"publish","type":"post","link":"https:\/\/www.messinaoggi.it\/website\/2022\/08\/02\/elezioni-conte-nessun-contrasto-con-grillo-per-le-liste\/","title":{"rendered":"Elezioni, Conte \u201cNessun contrasto con Grillo per le liste\u201d"},"content":{"rendered":"<div>ROMA (ITALPRESS) &#8211; &#8220;Sui giornali leggo continuamente di contrasti tra me e Grillo per la formazione delle liste: noi abbiamo uno statuto chiaro con regole precise. Stiamo scrivendo i regolamenti, in linea con lo statuto, con dei criteri per le candidature e le autocandidature che saranno votate dagli iscritti in rete&#8221;. Lo ha detto il presidente del Movimento 5 Stelle, Giuseppe Conte, a &#8220;Radio anch&#8217;io estate&#8221; su Radio1. <br \/>&#8220;Ci saranno tutti gli elementi perch\u00e8 questa candidature rispondano ai principi e ai valori del Movimento, perch\u00e8 sono tutti candidati che dovranno concordare e condividere la nostra carta dei principi e dei valori: questa \u00e8 la novit\u00e0&#8221;, ha aggiunto. Per Conte &#8220;il campo largo \u00e8 diventato un campo di battaglia: chi di arroganza ferisce, il Pd, di arroganza perisce. Vedete Calenda come sta trattando il Pd. Lasciamoli litigare. Noi invece siamo da soli, coerenti. Noi siamo il campo giusto&#8221;.<br \/>Poi, una frecciata al Pd: &#8220;Il Pd non pu\u00f2 pensare di umiliare, di mancare di rispetto ai suoi alleati e poi, se si trova in difficolt\u00e0, di ritornare da noi e di fare dei cartelli elettorali. Il Pd deve assumersi di fronte ai suoi elettori le proprie responsabilit\u00e0, dovr\u00e0 spiegare ai suoi elettori perch\u00e8 si \u00e8 comportato come la Lega o Forza Italia, spingendo fuori il M5S&#8221;.<br \/>(ITALPRESS).<br \/>-foto agenziafotogramma.it-<\/div>\n<div id=\"div-gpt-ad-Messinaoggi.it-DSK-300x250-corpoart\" style=\"text-align:center;margin:0 auto;\"><\/div><\/p><div id=\"videoincontent\" style=\"clear:both\";><\/div>","protected":false},"excerpt":{"rendered":"<p>ROMA (ITALPRESS) &#8211; &#8220;Sui giornali leggo continuamente di contrasti tra me e Grillo per la formazione delle liste: noi abbiamo uno statuto chiaro con regole precise. Stiamo scrivendo i regolamenti, in linea con lo statuto, con dei criteri per le candidature e le autocandidature che saranno votate dagli iscritti in rete&#8221;. Lo ha detto il [&hellip;]<\/p>\n","protected":false},"author":18,"featured_media":116637,"comment_status":"closed","ping_status":"closed","sticky":false,"template":"","format":"standard","meta":{"ub_ctt_via":"","_mi_skip_tracking":false},"categories":[446],"tags":[783],"featured_image_src":"https:\/\/www.messinaoggi.it\/website\/wp-content\/uploads\/2022\/08\/20220802_0148.jpg","author_info":{"display_name":"Admin","author_link":"https:\/\/www.messinaoggi.it\/website\/author\/admin\/"},"digistream_id":0,"digistream":false,"_links":{"self":[{"href":"https:\/\/www.messinaoggi.it\/website\/wp-json\/wp\/v2\/posts\/116636"}],"collection":[{"href":"https:\/\/www.messinaoggi.it\/website\/wp-json\/wp\/v2\/posts"}],"about":[{"href":"https:\/\/www.messinaoggi.it\/website\/wp-json\/wp\/v2\/types\/post"}],"author":[{"embeddable":true,"href":"https:\/\/www.messinaoggi.it\/website\/wp-json\/wp\/v2\/users\/18"}],"replies":[{"embeddable":true,"href":"https:\/\/www.messinaoggi.it\/website\/wp-json\/wp\/v2\/comments?post=116636"}],"version-history":[{"count":0,"href":"https:\/\/www.messinaoggi.it\/website\/wp-json\/wp\/v2\/posts\/116636\/revisions"}],"wp:featuredmedia":[{"embeddable":true,"href":"https:\/\/www.messinaoggi.it\/website\/wp-json\/wp\/v2\/media\/116637"}],"wp:attachment":[{"href":"https:\/\/www.messinaoggi.it\/website\/wp-json\/wp\/v2\/media?parent=116636"}],"wp:term":[{"taxonomy":"category","embeddable":true,"href":"https:\/\/www.messinaoggi.it\/website\/wp-json\/wp\/v2\/categories?post=116636"},{"taxonomy":"post_tag","embeddable":true,"href":"https:\/\/www.messinaoggi.it\/website\/wp-json\/wp\/v2\/tags?post=116636"}],"curies":[{"name":"wp","href":"https:\/\/api.w.org\/{rel}","templated":true}]}}