{"id":116632,"date":"2022-08-02T09:32:50","date_gmt":"2022-08-02T07:32:50","guid":{"rendered":"https:\/\/www.messinaoggi.it\/website\/2022\/08\/02\/regionali-micciche-ho-colpa-se-musumeci-e-stato-sleale-con-alleati\/"},"modified":"2022-08-02T09:32:50","modified_gmt":"2022-08-02T07:32:50","slug":"regionali-micciche-ho-colpa-se-musumeci-e-stato-sleale-con-alleati","status":"publish","type":"post","link":"https:\/\/www.messinaoggi.it\/website\/2022\/08\/02\/regionali-micciche-ho-colpa-se-musumeci-e-stato-sleale-con-alleati\/","title":{"rendered":"Regionali, Miccich\u00e8 \u201cHo colpa se Musumeci \u00e8 stato sleale con alleati?\u201d"},"content":{"rendered":"<div>\n<p>PALERMO (ITALPRESS) \u2013 \u201cChe colpa ho io se Musumeci ha avuto un atteggiamento arrogante e sleale nei confronti dei suoi alleati?\u201d. Lo dice, in un\u2019intervista al quotidiano La Repubblica, Gianfranco Miccich\u00e8, presidente dell\u2019Ars e coordinatore regionale di Forza Italia in Sicilia. \u201cAdesso la colpa \u00e8 di chi non lo vuole?\u201d si interroga Miccich\u00e8. Fratelli d\u2019Italia ha fatto sapere di puntare allo scranno pi\u00f9 alto di Sala d\u2019Ercole. \u201cSe lo prendano hanno diritto di chiederlo. Ma troviamo un motivo per smettere di avvelenare i pozzi del centrodestra. Cos\u00ec rischiamo di perdere\u201d. \u201cSu questo vorrei essere chiaro: quando una persona non \u00e8 voluta da nessuno, non puoi pensare di imporla lo stesso. Io sono dispiaciuto per il punto a cui siamo arrivati. Tutto volevo tranne che questo\u201d. Per Miccich\u00e8: \u201cSe Meloni e La Russa avessero avuto la bont\u00e0 di ascoltare, non saremmo arrivati fin qui. Con i dirigenti siciliani abbiamo ottimi rapporti, ma l\u2019atteggiamento di Roma \u00e8 stato inspiegabile: si sono attaccati al fatto che Musumeci \u00e8 l\u2019uscente. Ma quella \u00e8 un\u2019aggravante, perch\u00e8 lo abbiamo gi\u00e0 conosciuto\u201d. Come scegliere l\u2019alternativa? \u201cEh, adesso l\u2019atteggiamento \u00e8: \u201cScegliete un altro nome, noi lo valuteremo\u201d. Ma noi non abbiamo mai fatto cos\u00ec, ci siamo sempre seduti attorno a un tavolo e ne abbiamo discusso insieme\u201d. \u201cMi viene da ridere: FdI pretende il presidente dell\u2019Ars perch\u00e8 non ha il candidato alla Regione. Bene. A Palermo avevamo fatto l\u2019accordo sul vertice di Sala delle Lapidi: andava al primo partito. Infatti FdI ha avuto il vicesindaco. E ora per\u00f2 fa di  tutto per non farci avere la presidenza del Consiglio. Milazzo fa ogni giorno dieci telefonate per far s\u00ec che il presidente non sia il nostro Tantillo. Dove vogliamo arrivare cos\u00ec? Dobbiamo sfasciare di nuovo tutto?\u201d. Oggi il vertice del centrodestra.<br \/>Si trover\u00e0 un accordo? \u201cOccorre ricreare il clima anti-Musumeci. Oggi la prima cosa da fare per dimenticare il trauma Musumeci \u00e8 quella di individuare una persona che parli con tutti\u2026\u201d.<br \/>(ITALPRESS).<div id=\"div-gpt-ad-Messinaoggi.it-DSK-300x250-corpoart\" style=\"text-align:center;margin:0 auto;\"><\/div><\/p>\n<p>\u2013 credit photo agenziafotogramma.it \u2013<div id=\"videoincontent\" style=\"clear:both\";><\/div><\/p>\n<\/div>\n","protected":false},"excerpt":{"rendered":"<p>PALERMO (ITALPRESS) \u2013 \u201cChe colpa ho io se Musumeci ha avuto un atteggiamento arrogante e sleale nei confronti dei suoi alleati?\u201d. Lo dice, in un\u2019intervista al quotidiano La Repubblica, Gianfranco Miccich\u00e8, presidente dell\u2019Ars e coordinatore regionale di Forza Italia in Sicilia. \u201cAdesso la colpa \u00e8 di chi non lo vuole?\u201d si interroga Miccich\u00e8. Fratelli d\u2019Italia [&hellip;]<\/p>\n","protected":false},"author":18,"featured_media":116633,"comment_status":"closed","ping_status":"closed","sticky":false,"template":"","format":"standard","meta":{"ub_ctt_via":"","_mi_skip_tracking":false},"categories":[2449],"tags":[783],"featured_image_src":"https:\/\/www.messinaoggi.it\/website\/wp-content\/uploads\/2022\/08\/20220802_0113.jpg","author_info":{"display_name":"Admin","author_link":"https:\/\/www.messinaoggi.it\/website\/author\/admin\/"},"digistream_id":0,"digistream":false,"_links":{"self":[{"href":"https:\/\/www.messinaoggi.it\/website\/wp-json\/wp\/v2\/posts\/116632"}],"collection":[{"href":"https:\/\/www.messinaoggi.it\/website\/wp-json\/wp\/v2\/posts"}],"about":[{"href":"https:\/\/www.messinaoggi.it\/website\/wp-json\/wp\/v2\/types\/post"}],"author":[{"embeddable":true,"href":"https:\/\/www.messinaoggi.it\/website\/wp-json\/wp\/v2\/users\/18"}],"replies":[{"embeddable":true,"href":"https:\/\/www.messinaoggi.it\/website\/wp-json\/wp\/v2\/comments?post=116632"}],"version-history":[{"count":0,"href":"https:\/\/www.messinaoggi.it\/website\/wp-json\/wp\/v2\/posts\/116632\/revisions"}],"wp:featuredmedia":[{"embeddable":true,"href":"https:\/\/www.messinaoggi.it\/website\/wp-json\/wp\/v2\/media\/116633"}],"wp:attachment":[{"href":"https:\/\/www.messinaoggi.it\/website\/wp-json\/wp\/v2\/media?parent=116632"}],"wp:term":[{"taxonomy":"category","embeddable":true,"href":"https:\/\/www.messinaoggi.it\/website\/wp-json\/wp\/v2\/categories?post=116632"},{"taxonomy":"post_tag","embeddable":true,"href":"https:\/\/www.messinaoggi.it\/website\/wp-json\/wp\/v2\/tags?post=116632"}],"curies":[{"name":"wp","href":"https:\/\/api.w.org\/{rel}","templated":true}]}}