{"id":116597,"date":"2022-08-01T21:07:50","date_gmt":"2022-08-01T19:07:50","guid":{"rendered":"https:\/\/www.messinaoggi.it\/website\/2022\/08\/01\/m5s-conte-doppio-mandato-va-salvaguardato\/"},"modified":"2022-08-01T21:07:50","modified_gmt":"2022-08-01T19:07:50","slug":"m5s-conte-doppio-mandato-va-salvaguardato","status":"publish","type":"post","link":"https:\/\/www.messinaoggi.it\/website\/2022\/08\/01\/m5s-conte-doppio-mandato-va-salvaguardato\/","title":{"rendered":"M5S, Conte \u201cDoppio mandato va salvaguardato\u201d"},"content":{"rendered":"<div>ROMA (ITALPRESS) &#8211; &#8220;Quella del doppio mandato \u00e8 un principio fondativo che rivendico e va salvaguardato&#8221;. Cos\u00ec il presidente del M5S, Giuseppe Conte, su Radio 24. Alla domanda se alle politiche nel simbolo ci sar\u00e0 il suo nome, dice: &#8220;Il simbolo \u00e8 quello che conosciamo, il simbolo del Movimento Cinque Stelle&#8221;.<br \/>Su dove intende candidarsi, invece, &#8220;non so, non siamo ancora in quel momento della formazione delle liste. Ci sar\u00e0 un attimo per pensarci&#8221;. Poi, bacchetta il Pd: &#8220;ha assunto una linea molto chiara, si \u00e8 accodato a Forza Italia e alla Lega. Loro ci volevano fuori, si \u00e8 confermato che anche il Pd ci vuole fuori. Benissimo, chiederemo agli elettori di darci ancora pi\u00f9 forza&#8221;.<br \/>(ITALPRESS).<br \/>-foto agenziafotogramma.it-<\/div>\n<div id=\"div-gpt-ad-Messinaoggi.it-DSK-300x250-corpoart\" style=\"text-align:center;margin:0 auto;\"><\/div><\/p><div id=\"videoincontent\" style=\"clear:both\";><\/div>","protected":false},"excerpt":{"rendered":"<p>ROMA (ITALPRESS) &#8211; &#8220;Quella del doppio mandato \u00e8 un principio fondativo che rivendico e va salvaguardato&#8221;. Cos\u00ec il presidente del M5S, Giuseppe Conte, su Radio 24. Alla domanda se alle politiche nel simbolo ci sar\u00e0 il suo nome, dice: &#8220;Il simbolo \u00e8 quello che conosciamo, il simbolo del Movimento Cinque Stelle&#8221;.Su dove intende candidarsi, invece, [&hellip;]<\/p>\n","protected":false},"author":18,"featured_media":116598,"comment_status":"closed","ping_status":"closed","sticky":false,"template":"","format":"standard","meta":{"ub_ctt_via":"","_mi_skip_tracking":false},"categories":[446],"tags":[783],"featured_image_src":"https:\/\/www.messinaoggi.it\/website\/wp-content\/uploads\/2022\/08\/20220801_1912.jpg","author_info":{"display_name":"Admin","author_link":"https:\/\/www.messinaoggi.it\/website\/author\/admin\/"},"digistream_id":0,"digistream":false,"_links":{"self":[{"href":"https:\/\/www.messinaoggi.it\/website\/wp-json\/wp\/v2\/posts\/116597"}],"collection":[{"href":"https:\/\/www.messinaoggi.it\/website\/wp-json\/wp\/v2\/posts"}],"about":[{"href":"https:\/\/www.messinaoggi.it\/website\/wp-json\/wp\/v2\/types\/post"}],"author":[{"embeddable":true,"href":"https:\/\/www.messinaoggi.it\/website\/wp-json\/wp\/v2\/users\/18"}],"replies":[{"embeddable":true,"href":"https:\/\/www.messinaoggi.it\/website\/wp-json\/wp\/v2\/comments?post=116597"}],"version-history":[{"count":0,"href":"https:\/\/www.messinaoggi.it\/website\/wp-json\/wp\/v2\/posts\/116597\/revisions"}],"wp:featuredmedia":[{"embeddable":true,"href":"https:\/\/www.messinaoggi.it\/website\/wp-json\/wp\/v2\/media\/116598"}],"wp:attachment":[{"href":"https:\/\/www.messinaoggi.it\/website\/wp-json\/wp\/v2\/media?parent=116597"}],"wp:term":[{"taxonomy":"category","embeddable":true,"href":"https:\/\/www.messinaoggi.it\/website\/wp-json\/wp\/v2\/categories?post=116597"},{"taxonomy":"post_tag","embeddable":true,"href":"https:\/\/www.messinaoggi.it\/website\/wp-json\/wp\/v2\/tags?post=116597"}],"curies":[{"name":"wp","href":"https:\/\/api.w.org\/{rel}","templated":true}]}}