{"id":116574,"date":"2022-08-01T19:07:51","date_gmt":"2022-08-01T17:07:51","guid":{"rendered":"https:\/\/www.messinaoggi.it\/website\/2022\/08\/01\/letta-pronto-a-incontrare-tutti-ma-no-veti-ed-esclusioni\/"},"modified":"2022-08-01T19:07:51","modified_gmt":"2022-08-01T17:07:51","slug":"letta-pronto-a-incontrare-tutti-ma-no-veti-ed-esclusioni","status":"publish","type":"post","link":"https:\/\/www.messinaoggi.it\/website\/2022\/08\/01\/letta-pronto-a-incontrare-tutti-ma-no-veti-ed-esclusioni\/","title":{"rendered":"Letta \u201cPronto a incontrare tutti ma no veti ed esclusioni\u201d"},"content":{"rendered":"<div>ROMA (ITALPRESS) &#8211; &#8220;Il nostro appello \u00e8 per includere e non per escludere, sono pronto a incontrare tutte le anime del centrosinistra, ovviamente anche Calenda e Della Vedova, ma senza che si cominci con veti ed esclusioni, soprattutto personali. Lo si fa con patti chiari e amicizia lunga&#8221;. Cos\u00ec il segretario del Pd, Enrico Letta, nella sua relazione al termine dell&#8217;incontro con i sindaci dem. &#8220;Questo lo dico perch\u00e8 Calenda e io ci siamo incontrati tre giorni fa, ci siamo stretti la mano ed eravamo d&#8217;accordo su una strada che due giorni dopo \u00e8 stata ribaltata e fatta saltare. Io sono abituato che quando ci si stringe la mano e ci si guarda negli occhi si va avanti, se tutto poi salta vuol dire che stringersi la mano non serve a niente. Sono perch\u00e8 ci si incontri, patti chiari e amicizia lunga &#8211; ha aggiunto &#8211; perch\u00e8 abbiamo la responsabilit\u00e0 di stare insieme e di fare un accordo elettorale. Disponibilissimo a farlo, a discutere senza preclusioni trovando le soluzioni migliori con lo spirito giusto, no veti e non sportellate, \u00e8 un metodo con cui faccio fatica a discutere&#8221;.<br \/>(ITALPRESS).<br \/>-foto agenziafotogramma.it-<\/div>\n<div id=\"div-gpt-ad-Messinaoggi.it-DSK-300x250-corpoart\" style=\"text-align:center;margin:0 auto;\"><\/div><\/p><div id=\"videoincontent\" style=\"clear:both\";><\/div>","protected":false},"excerpt":{"rendered":"<p>ROMA (ITALPRESS) &#8211; &#8220;Il nostro appello \u00e8 per includere e non per escludere, sono pronto a incontrare tutte le anime del centrosinistra, ovviamente anche Calenda e Della Vedova, ma senza che si cominci con veti ed esclusioni, soprattutto personali. Lo si fa con patti chiari e amicizia lunga&#8221;. Cos\u00ec il segretario del Pd, Enrico Letta, [&hellip;]<\/p>\n","protected":false},"author":18,"featured_media":116575,"comment_status":"closed","ping_status":"closed","sticky":false,"template":"","format":"standard","meta":{"ub_ctt_via":"","_mi_skip_tracking":false},"categories":[446],"tags":[783],"featured_image_src":"https:\/\/www.messinaoggi.it\/website\/wp-content\/uploads\/2022\/08\/20220801_1722.jpg","author_info":{"display_name":"Admin","author_link":"https:\/\/www.messinaoggi.it\/website\/author\/admin\/"},"digistream_id":0,"digistream":false,"_links":{"self":[{"href":"https:\/\/www.messinaoggi.it\/website\/wp-json\/wp\/v2\/posts\/116574"}],"collection":[{"href":"https:\/\/www.messinaoggi.it\/website\/wp-json\/wp\/v2\/posts"}],"about":[{"href":"https:\/\/www.messinaoggi.it\/website\/wp-json\/wp\/v2\/types\/post"}],"author":[{"embeddable":true,"href":"https:\/\/www.messinaoggi.it\/website\/wp-json\/wp\/v2\/users\/18"}],"replies":[{"embeddable":true,"href":"https:\/\/www.messinaoggi.it\/website\/wp-json\/wp\/v2\/comments?post=116574"}],"version-history":[{"count":0,"href":"https:\/\/www.messinaoggi.it\/website\/wp-json\/wp\/v2\/posts\/116574\/revisions"}],"wp:featuredmedia":[{"embeddable":true,"href":"https:\/\/www.messinaoggi.it\/website\/wp-json\/wp\/v2\/media\/116575"}],"wp:attachment":[{"href":"https:\/\/www.messinaoggi.it\/website\/wp-json\/wp\/v2\/media?parent=116574"}],"wp:term":[{"taxonomy":"category","embeddable":true,"href":"https:\/\/www.messinaoggi.it\/website\/wp-json\/wp\/v2\/categories?post=116574"},{"taxonomy":"post_tag","embeddable":true,"href":"https:\/\/www.messinaoggi.it\/website\/wp-json\/wp\/v2\/tags?post=116574"}],"curies":[{"name":"wp","href":"https:\/\/api.w.org\/{rel}","templated":true}]}}