{"id":116545,"date":"2022-08-01T17:07:52","date_gmt":"2022-08-01T15:07:52","guid":{"rendered":"https:\/\/www.messinaoggi.it\/website\/2022\/08\/01\/alonso-al-volante-dellaston-martin-dal-2023\/"},"modified":"2022-08-01T17:07:52","modified_gmt":"2022-08-01T15:07:52","slug":"alonso-al-volante-dellaston-martin-dal-2023","status":"publish","type":"post","link":"https:\/\/www.messinaoggi.it\/website\/2022\/08\/01\/alonso-al-volante-dellaston-martin-dal-2023\/","title":{"rendered":"Alonso al volante dell\u2019Aston Martin dal 2023"},"content":{"rendered":"<div>ROMA (ITALPRESS) &#8211; Un campione del mondo per sostituire un altro campione del mondo. Sar\u00e0 Fernando Alonso a raccogliere il testimone da Sebastian Vettel in Aston Martin dalla prossima stagione. Il 41enne pilota spagnolo, attualmente alla Alpine, ha firmato un contratto pluriennale. &#8220;L&#8217;intera azienda \u00e8 molto entusiasta di portare in squadra l&#8217;incredibile esperienza, il ritmo brillante e la capacit\u00e0 di guida di Fernando. Il reclutamento di un talento speciale come Fernando \u00e8 una chiara dichiarazione di intenti da parte di un&#8217;organizzazione che si \u00e8 impegnata a sviluppare una squadra vincente di Formula 1&#8221;, l&#8217;annuncio dell&#8217;Aston Martin. &#8220;Questa squadra sta chiaramente applicando tanta energia e tanto impegno per vincere ed \u00e8 quindi una delle pi\u00f9 entusiasmanti della Formula 1 di oggi &#8211; le parole dell&#8217;ex ferrarista, due volte iridato &#8211; Ho visto come il team ha attratto sistematicamente persone fantastiche con pedigree vincenti e sono consapevole dell&#8217;enorme impegno per nuove strutture e nuove risorse in atto a Silverstone. Nessuno in Formula 1 oggi sta dimostrando una visione pi\u00f9 grande e un impegno assoluto per vincere: questo rende il tutto un&#8217;opportunit\u00e0 davvero eccitante per me&#8221;, ha aggiunto Alonso.<br \/>&#8211; foto LivePhotoSport &#8211;<br \/>(ITALPRESS).<\/div>\n<div id=\"div-gpt-ad-Messinaoggi.it-DSK-300x250-corpoart\" style=\"text-align:center;margin:0 auto;\"><\/div><\/p><div id=\"videoincontent\" style=\"clear:both\";><\/div>","protected":false},"excerpt":{"rendered":"<p>ROMA (ITALPRESS) &#8211; Un campione del mondo per sostituire un altro campione del mondo. Sar\u00e0 Fernando Alonso a raccogliere il testimone da Sebastian Vettel in Aston Martin dalla prossima stagione. Il 41enne pilota spagnolo, attualmente alla Alpine, ha firmato un contratto pluriennale. &#8220;L&#8217;intera azienda \u00e8 molto entusiasta di portare in squadra l&#8217;incredibile esperienza, il ritmo [&hellip;]<\/p>\n","protected":false},"author":18,"featured_media":116546,"comment_status":"closed","ping_status":"closed","sticky":false,"template":"","format":"standard","meta":{"ub_ctt_via":"","_mi_skip_tracking":false},"categories":[446],"tags":[783],"featured_image_src":"https:\/\/www.messinaoggi.it\/website\/wp-content\/uploads\/2022\/08\/20220801_1486.jpg","author_info":{"display_name":"Admin","author_link":"https:\/\/www.messinaoggi.it\/website\/author\/admin\/"},"digistream_id":0,"digistream":false,"_links":{"self":[{"href":"https:\/\/www.messinaoggi.it\/website\/wp-json\/wp\/v2\/posts\/116545"}],"collection":[{"href":"https:\/\/www.messinaoggi.it\/website\/wp-json\/wp\/v2\/posts"}],"about":[{"href":"https:\/\/www.messinaoggi.it\/website\/wp-json\/wp\/v2\/types\/post"}],"author":[{"embeddable":true,"href":"https:\/\/www.messinaoggi.it\/website\/wp-json\/wp\/v2\/users\/18"}],"replies":[{"embeddable":true,"href":"https:\/\/www.messinaoggi.it\/website\/wp-json\/wp\/v2\/comments?post=116545"}],"version-history":[{"count":0,"href":"https:\/\/www.messinaoggi.it\/website\/wp-json\/wp\/v2\/posts\/116545\/revisions"}],"wp:featuredmedia":[{"embeddable":true,"href":"https:\/\/www.messinaoggi.it\/website\/wp-json\/wp\/v2\/media\/116546"}],"wp:attachment":[{"href":"https:\/\/www.messinaoggi.it\/website\/wp-json\/wp\/v2\/media?parent=116545"}],"wp:term":[{"taxonomy":"category","embeddable":true,"href":"https:\/\/www.messinaoggi.it\/website\/wp-json\/wp\/v2\/categories?post=116545"},{"taxonomy":"post_tag","embeddable":true,"href":"https:\/\/www.messinaoggi.it\/website\/wp-json\/wp\/v2\/tags?post=116545"}],"curies":[{"name":"wp","href":"https:\/\/api.w.org\/{rel}","templated":true}]}}