{"id":116537,"date":"2022-08-01T16:07:52","date_gmt":"2022-08-01T14:07:52","guid":{"rendered":"https:\/\/www.messinaoggi.it\/website\/2022\/08\/01\/elezioni-salvini-centrodestra-governera-5-anni-lega-alla-guida\/"},"modified":"2022-08-01T16:07:52","modified_gmt":"2022-08-01T14:07:52","slug":"elezioni-salvini-centrodestra-governera-5-anni-lega-alla-guida","status":"publish","type":"post","link":"https:\/\/www.messinaoggi.it\/website\/2022\/08\/01\/elezioni-salvini-centrodestra-governera-5-anni-lega-alla-guida\/","title":{"rendered":"Elezioni, Salvini \u201cCentrodestra governer\u00e0 5 anni, Lega alla guida\u201d"},"content":{"rendered":"<div>ROMA (ITALPRESS) &#8211; &#8220;Di l\u00e0 sono terrorizzati all&#8217;idea di perdere la poltrona. Se va come va, fra un mese e mezzo il centrodestra per 5 anni governer\u00e0 il Paese e la Lega guider\u00e0 il centrodestra. Io ho chiesto ai nostri candidati di non fare promesse mirabolanti&#8221;. Cos\u00ec il leader della Lega, Matteo Salvini, in un comizio a Chioggia. &#8220;Noi ci siamo impegnati di fare una campagna elettorale basata sulle proposte: pi\u00f9 la sinistra insulta, pi\u00f9 noi dobbiamo rispondere coi fatti e col sorriso&#8221;, ha aggiunto. &#8220;Chi vota a sinistra &#8211; ha spiegato &#8211; vota per la prosecuzione della legge Fornero, \u00e8 una scelta. Andare in pensione a 67 anni \u00e8 una scelta. Chi sceglie la Lega, invece, sceglie l&#8217;azzeramento della Legge Fornero e vota per quota 41&#8221;. Quindi &#8220;andiamo a vincere il 25 settembre e riprendiamo in mano questo splendido Paese&#8221;.<br \/>(ITALPRESS).<br \/>-foto agenziafotogramma.it-<\/div>\n<div id=\"div-gpt-ad-Messinaoggi.it-DSK-300x250-corpoart\" style=\"text-align:center;margin:0 auto;\"><\/div><\/p><div id=\"videoincontent\" style=\"clear:both\";><\/div>","protected":false},"excerpt":{"rendered":"<p>ROMA (ITALPRESS) &#8211; &#8220;Di l\u00e0 sono terrorizzati all&#8217;idea di perdere la poltrona. Se va come va, fra un mese e mezzo il centrodestra per 5 anni governer\u00e0 il Paese e la Lega guider\u00e0 il centrodestra. Io ho chiesto ai nostri candidati di non fare promesse mirabolanti&#8221;. Cos\u00ec il leader della Lega, Matteo Salvini, in un [&hellip;]<\/p>\n","protected":false},"author":18,"featured_media":116538,"comment_status":"closed","ping_status":"closed","sticky":false,"template":"","format":"standard","meta":{"ub_ctt_via":"","_mi_skip_tracking":false},"categories":[446],"tags":[783],"featured_image_src":"https:\/\/www.messinaoggi.it\/website\/wp-content\/uploads\/2022\/08\/20220801_1084.jpg","author_info":{"display_name":"Admin","author_link":"https:\/\/www.messinaoggi.it\/website\/author\/admin\/"},"digistream_id":0,"digistream":false,"_links":{"self":[{"href":"https:\/\/www.messinaoggi.it\/website\/wp-json\/wp\/v2\/posts\/116537"}],"collection":[{"href":"https:\/\/www.messinaoggi.it\/website\/wp-json\/wp\/v2\/posts"}],"about":[{"href":"https:\/\/www.messinaoggi.it\/website\/wp-json\/wp\/v2\/types\/post"}],"author":[{"embeddable":true,"href":"https:\/\/www.messinaoggi.it\/website\/wp-json\/wp\/v2\/users\/18"}],"replies":[{"embeddable":true,"href":"https:\/\/www.messinaoggi.it\/website\/wp-json\/wp\/v2\/comments?post=116537"}],"version-history":[{"count":0,"href":"https:\/\/www.messinaoggi.it\/website\/wp-json\/wp\/v2\/posts\/116537\/revisions"}],"wp:featuredmedia":[{"embeddable":true,"href":"https:\/\/www.messinaoggi.it\/website\/wp-json\/wp\/v2\/media\/116538"}],"wp:attachment":[{"href":"https:\/\/www.messinaoggi.it\/website\/wp-json\/wp\/v2\/media?parent=116537"}],"wp:term":[{"taxonomy":"category","embeddable":true,"href":"https:\/\/www.messinaoggi.it\/website\/wp-json\/wp\/v2\/categories?post=116537"},{"taxonomy":"post_tag","embeddable":true,"href":"https:\/\/www.messinaoggi.it\/website\/wp-json\/wp\/v2\/tags?post=116537"}],"curies":[{"name":"wp","href":"https:\/\/api.w.org\/{rel}","templated":true}]}}