{"id":116503,"date":"2022-08-01T13:08:07","date_gmt":"2022-08-01T11:08:07","guid":{"rendered":"http:\/\/www.messinaoggi.it\/website\/?p=116503"},"modified":"2022-08-02T06:54:45","modified_gmt":"2022-08-02T04:54:45","slug":"basta-morti-sul-lavoro-cisl-sollecita-controlli-e-piu-ispettori","status":"publish","type":"post","link":"https:\/\/www.messinaoggi.it\/website\/2022\/08\/01\/basta-morti-sul-lavoro-cisl-sollecita-controlli-e-piu-ispettori\/","title":{"rendered":"Basta morti sul lavoro, Cisl sollecita controlli e pi\u00f9 ispettori"},"content":{"rendered":"\n<p>Si chiama #presidiamolasicurezza ed \u00e8 la campagna regionale sulla sicurezza sul lavoro scattata in tutta la Regione. A Messina il sit-in della Cisl si \u00e8 tenuto alla passeggiata a mare, di fronte alla Prefettura, con il sindacato che chiede. tavoli tecnici presso gli assessorati regionali, \u201canche nei mesi di campagna elettorale e di condizionare, inoltre, ogni incentivazione economica alle imprese, all&#8217;esame delle misure di sicurezza adottate\u201d.<div id=\"div-gpt-ad-Messinaoggi.it-DSK-300x250-corpoart\" style=\"text-align:center;margin:0 auto;\"><\/div><\/p>\n\n\n\n<p>Il segretario regionale della Cisl Sicilia Paolo Sanzaro, il segretario generale della Cisl Messina Antonino Alibrandi e il responsabile dello Sportello Sicurezza della Cisl Messina Nino Sidoti hanno incontrato il capo di Gabinetto della Prefettura dott. Carmelo Musolino, consegnando il documento preparato dalla Cisl Sicilia.<div id=\"videoincontent\" style=\"clear:both\";><\/div><\/p>\n\n\n\n<p>\u00abLa mobilitazione \u2013 ha spiegato il segretario generale Antonino Alibrandi &#8211; serve ad avviare un percorso per la costituzione di una cabina di regia regionale. I dati sono sotto gli occhi di tutti, a Messina nel mese di maggio si \u00e8 registrato un incremento di denunce da malattia professionale. Spesso si guarda agli incidenti mortali ma ci sono tanti infortuni sul lavoro gravi. Se a livello nazionale l\u2019aumento \u00e8 stato del 20% rispetto a maggio 2021, a Messina \u00e8 stato del 100%\u00bb.<\/p>\n\n\n\n<p>Condivisa da tutte le parti la necessit\u00e0, nell\u2019ambito del protocollo sulla sicurezza gi\u00e0 istituito a livello provinciale, di avviare un percorso nelle scuole per far capire ai ragazzi l\u2019importanza della sicurezza sul lavoro. \u00abSono i primi ambasciatori in ambito familiare della sicurezza, un figlio pu\u00f2 essere da monito e da stimolo per i genitori ed avr\u00e0 maggiore consapevolezza quando entrer\u00e0 nel mondo del lavoro\u00bb.<\/p>\n\n\n\n<p>\u00abAbbiamo voluto mettere in campo un\u2019iniziativa a livello regionale \u2013 ha aggiunto il segretario della Cisl Sicilia Paolo Sanzaro &#8211; per porre l\u2019attenzione su sicurezza e salute sui luoghi di lavoro. Vogliamo che ci sia un raccordo regionale e Messina, in questo senso, rappresenta un apripista. Abbiamo chiesto all\u2019assessore Scavone pi\u00f9 ispettori attraverso l\u2019istituzione dell\u2019Ispettorato Nazionale del Lavoro, pi\u00f9 controlli: recuperare risorse umane \u00e8 necessario per fronteggiare questa emergenza ed i numeri testimoniano che il problema \u00e8 serio\u00bb.<\/p>\n","protected":false},"excerpt":{"rendered":"<p>Si chiama #presidiamolasicurezza ed \u00e8 la campagna regionale sulla sicurezza sul lavoro scattata in tutta la Regione. A Messina il sit-in della Cisl si \u00e8 tenuto alla passeggiata a mare, di fronte alla Prefettura, con il sindacato che chiede. tavoli tecnici presso gli assessorati regionali, \u201canche nei mesi di campagna elettorale e di condizionare, inoltre, [&hellip;]<\/p>\n","protected":false},"author":4,"featured_media":116505,"comment_status":"open","ping_status":"open","sticky":false,"template":"","format":"standard","meta":{"ub_ctt_via":"","_mi_skip_tracking":false},"categories":[5],"tags":[1758],"featured_image_src":"https:\/\/www.messinaoggi.it\/website\/wp-content\/uploads\/2022\/08\/Cisl-sicurezza-sul-lavoro.jpeg","author_info":{"display_name":"redme","author_link":"https:\/\/www.messinaoggi.it\/website\/author\/redme\/"},"digistream_id":0,"digistream":false,"_links":{"self":[{"href":"https:\/\/www.messinaoggi.it\/website\/wp-json\/wp\/v2\/posts\/116503"}],"collection":[{"href":"https:\/\/www.messinaoggi.it\/website\/wp-json\/wp\/v2\/posts"}],"about":[{"href":"https:\/\/www.messinaoggi.it\/website\/wp-json\/wp\/v2\/types\/post"}],"author":[{"embeddable":true,"href":"https:\/\/www.messinaoggi.it\/website\/wp-json\/wp\/v2\/users\/4"}],"replies":[{"embeddable":true,"href":"https:\/\/www.messinaoggi.it\/website\/wp-json\/wp\/v2\/comments?post=116503"}],"version-history":[{"count":1,"href":"https:\/\/www.messinaoggi.it\/website\/wp-json\/wp\/v2\/posts\/116503\/revisions"}],"predecessor-version":[{"id":116506,"href":"https:\/\/www.messinaoggi.it\/website\/wp-json\/wp\/v2\/posts\/116503\/revisions\/116506"}],"wp:featuredmedia":[{"embeddable":true,"href":"https:\/\/www.messinaoggi.it\/website\/wp-json\/wp\/v2\/media\/116505"}],"wp:attachment":[{"href":"https:\/\/www.messinaoggi.it\/website\/wp-json\/wp\/v2\/media?parent=116503"}],"wp:term":[{"taxonomy":"category","embeddable":true,"href":"https:\/\/www.messinaoggi.it\/website\/wp-json\/wp\/v2\/categories?post=116503"},{"taxonomy":"post_tag","embeddable":true,"href":"https:\/\/www.messinaoggi.it\/website\/wp-json\/wp\/v2\/tags?post=116503"}],"curies":[{"name":"wp","href":"https:\/\/api.w.org\/{rel}","templated":true}]}}