{"id":116487,"date":"2022-08-01T11:08:15","date_gmt":"2022-08-01T09:08:15","guid":{"rendered":"https:\/\/www.messinaoggi.it\/website\/2022\/08\/01\/tajani-abolire-reddito-cittadinanza-e-ridisegnare-assistenza\/"},"modified":"2022-08-01T18:21:33","modified_gmt":"2022-08-01T16:21:33","slug":"tajani-abolire-reddito-cittadinanza-e-ridisegnare-assistenza","status":"publish","type":"post","link":"https:\/\/www.messinaoggi.it\/website\/2022\/08\/01\/tajani-abolire-reddito-cittadinanza-e-ridisegnare-assistenza\/","title":{"rendered":"Tajani \u201cAbolire reddito cittadinanza e ridisegnare assistenza\u201d"},"content":{"rendered":"<div>ROMA (ITALPRESS) &#8211; Antonio Tajani, vicepresidente di Forza Italia, ospite di Radio 24 Mattino Estate, ha anticipato alcuni punti del programma di Forza Italia. &#8220;Dobbiamo sostenere le famiglie pi\u00f9 in difficolt\u00e0, quelle di pensionati che vivono con 3-400 euro, non dare il reddito di cittadinanza a chi ha 20 anni, sta davanti alla televsione e potrebbe andare a lavorare. Dobbiamo fare delle scelte legate alla reale necessit\u00e0, cos\u00ec da recuperare 5-6-7 miliardi. Andrebbe ridisegnata tutta la politica di assistenza &#8211; sostiene Tajani &#8211; Abolire il reddito di cittadinanza e ripartire da zero aiutando chi ha veramente bisogno&#8221;. Quanto a un&#8217;eventuale compagine di governo di centrodestra, e alla possibilit\u00e0 di aprire alcuni ministeri a personaggi fuori dal mondo della politica, Tajani ha detto: &#8220;Non \u00e8 indispendabile che uno sia parlamentare, ma che sia all&#8217;altezza per dare stabilit\u00e0 e credibilit\u00e0 a livello internazionale. A noi interessa la qualit\u00e0 delle persone, vogliamo ministri e sottosegretari che siano competenti nei settori strategici come l&#8217;industria l&#8217;agricoltura, ministeri con persone che siano in grado di permettere al nostro paese di avere stabilit\u00e0 e di essere credibili sia a Bruxelles che nel mondo. Sono stati fatti tanti nomi e non voglio dare giudizi. La regole deve essere la qualit\u00e0. Un centrodestra che sia credibile, serio, affidabile&#8221;.<br \/>&#8211; Foto Agenziafotogramma.it &#8211;<br \/>(ITALPRESS).<\/div>\n<div id=\"div-gpt-ad-Messinaoggi.it-DSK-300x250-corpoart\" style=\"text-align:center;margin:0 auto;\"><\/div><\/p><div id=\"videoincontent\" style=\"clear:both\";><\/div>","protected":false},"excerpt":{"rendered":"<p>ROMA (ITALPRESS) &#8211; Antonio Tajani, vicepresidente di Forza Italia, ospite di Radio 24 Mattino Estate, ha anticipato alcuni punti del programma di Forza Italia. &#8220;Dobbiamo sostenere le famiglie pi\u00f9 in difficolt\u00e0, quelle di pensionati che vivono con 3-400 euro, non dare il reddito di cittadinanza a chi ha 20 anni, sta davanti alla televsione e [&hellip;]<\/p>\n","protected":false},"author":18,"featured_media":116488,"comment_status":"closed","ping_status":"closed","sticky":false,"template":"","format":"standard","meta":{"ub_ctt_via":"","_mi_skip_tracking":false},"categories":[446,4],"tags":[783],"featured_image_src":"https:\/\/www.messinaoggi.it\/website\/wp-content\/uploads\/2022\/08\/20220801_0228.jpg","author_info":{"display_name":"Admin","author_link":"https:\/\/www.messinaoggi.it\/website\/author\/admin\/"},"digistream_id":0,"digistream":false,"_links":{"self":[{"href":"https:\/\/www.messinaoggi.it\/website\/wp-json\/wp\/v2\/posts\/116487"}],"collection":[{"href":"https:\/\/www.messinaoggi.it\/website\/wp-json\/wp\/v2\/posts"}],"about":[{"href":"https:\/\/www.messinaoggi.it\/website\/wp-json\/wp\/v2\/types\/post"}],"author":[{"embeddable":true,"href":"https:\/\/www.messinaoggi.it\/website\/wp-json\/wp\/v2\/users\/18"}],"replies":[{"embeddable":true,"href":"https:\/\/www.messinaoggi.it\/website\/wp-json\/wp\/v2\/comments?post=116487"}],"version-history":[{"count":1,"href":"https:\/\/www.messinaoggi.it\/website\/wp-json\/wp\/v2\/posts\/116487\/revisions"}],"predecessor-version":[{"id":116572,"href":"https:\/\/www.messinaoggi.it\/website\/wp-json\/wp\/v2\/posts\/116487\/revisions\/116572"}],"wp:featuredmedia":[{"embeddable":true,"href":"https:\/\/www.messinaoggi.it\/website\/wp-json\/wp\/v2\/media\/116488"}],"wp:attachment":[{"href":"https:\/\/www.messinaoggi.it\/website\/wp-json\/wp\/v2\/media?parent=116487"}],"wp:term":[{"taxonomy":"category","embeddable":true,"href":"https:\/\/www.messinaoggi.it\/website\/wp-json\/wp\/v2\/categories?post=116487"},{"taxonomy":"post_tag","embeddable":true,"href":"https:\/\/www.messinaoggi.it\/website\/wp-json\/wp\/v2\/tags?post=116487"}],"curies":[{"name":"wp","href":"https:\/\/api.w.org\/{rel}","templated":true}]}}