{"id":116472,"date":"2022-08-01T09:07:51","date_gmt":"2022-08-01T07:07:51","guid":{"rendered":"https:\/\/www.messinaoggi.it\/website\/2022\/08\/01\/elezioni-strada-in-salita-per-laccordo-tra-letta-e-calenda\/"},"modified":"2022-08-01T09:07:51","modified_gmt":"2022-08-01T07:07:51","slug":"elezioni-strada-in-salita-per-laccordo-tra-letta-e-calenda","status":"publish","type":"post","link":"https:\/\/www.messinaoggi.it\/website\/2022\/08\/01\/elezioni-strada-in-salita-per-laccordo-tra-letta-e-calenda\/","title":{"rendered":"Elezioni, strada in salita per l\u2019accordo tra Letta e Calenda"},"content":{"rendered":"<div>ROMA (ITALPRESS) &#8211; Sembra complicarsi l&#8217;ipotesi di alleanza tra Pd e Azione di Carlo Calenda. &#8220;Mi sento di fare un appello accorato a tutti coloro che in queste ore hanno dubbi sul fatto di creare una larga, importante e convinta alleanza che sia in grado di battere le destre &#8211; ha detto il segretario Dem Enrico Letta &#8211; Coloro che pensano che fare un terzo polo che si mette in mezzo sia conveniente o possa essere pi\u00f9 utile. Un terzo polo in questo momento \u00e8 il modo migliore per aiutare le destre che non hanno bisogno di ulteriori aiuti&#8221;. Cos\u00ec il segretario Pd Enrico Letta, a margine della Festa regionale del Pd di Casalgrande, in provincia di Reggio Emilia. Poi pi\u00f9 direttamente al leader di Azione: &#8220;Il tempo passa e credo che ne resti poco davanti &#8211; afferma Letta &#8211; Non credo che sia stato sbagliato in questi giorni discutere e prenderci qualche giorno per riflettere. Penso che nei<br \/>\nprossimi giorni bisogna decidere, non possiamo perdere altro tempo. Credo che l&#8217;inizio della prossima settimana sia il momento giusto per chiarirci le idee&#8221;. Da parte sua, Calenda risponde a Letta che &#8220;quello che aiuta di sicuro la destra e&#8217; una coalizione eterogenea, confusa e poco credibile. Cerchiamo di evitarla. Noi ce la stiamo mettendo tutta. Le questioni le conosci da giorni. Stasera le abbiamo messe per iscritto con Piu&#8217; Europa.<br \/>\nAspettiamo una risposta&#8221;. Ieri insieme al segretario di +Europa Benedetto della Vedova Calenda ha\u00a0inviato una lettera al segretario Pd in cui hanno ribadito i punti fondamentali gi\u00e0 sottolineati in questi giorni e sui quali, dice Azione, non \u00e8 ancora arrivata<br \/>\nancora risposta.<br \/>\nEuropa.<div id=\"div-gpt-ad-Messinaoggi.it-DSK-300x250-corpoart\" style=\"text-align:center;margin:0 auto;\"><\/div><\/p>\n<p>&#8211; Foto Agenziafotogramma.it &#8211;<div id=\"videoincontent\" style=\"clear:both\";><\/div><\/p>\n<p>(ITALPRESS).<\/p><\/div>\n","protected":false},"excerpt":{"rendered":"<p>ROMA (ITALPRESS) &#8211; Sembra complicarsi l&#8217;ipotesi di alleanza tra Pd e Azione di Carlo Calenda. &#8220;Mi sento di fare un appello accorato a tutti coloro che in queste ore hanno dubbi sul fatto di creare una larga, importante e convinta alleanza che sia in grado di battere le destre &#8211; ha detto il segretario Dem [&hellip;]<\/p>\n","protected":false},"author":18,"featured_media":116473,"comment_status":"closed","ping_status":"closed","sticky":false,"template":"","format":"standard","meta":{"ub_ctt_via":"","_mi_skip_tracking":false},"categories":[446],"tags":[783],"featured_image_src":"https:\/\/www.messinaoggi.it\/website\/wp-content\/uploads\/2022\/08\/letta-calenda-Agenzia_Fotogramma_FGR3424289.jpg","author_info":{"display_name":"Admin","author_link":"https:\/\/www.messinaoggi.it\/website\/author\/admin\/"},"digistream_id":0,"digistream":false,"_links":{"self":[{"href":"https:\/\/www.messinaoggi.it\/website\/wp-json\/wp\/v2\/posts\/116472"}],"collection":[{"href":"https:\/\/www.messinaoggi.it\/website\/wp-json\/wp\/v2\/posts"}],"about":[{"href":"https:\/\/www.messinaoggi.it\/website\/wp-json\/wp\/v2\/types\/post"}],"author":[{"embeddable":true,"href":"https:\/\/www.messinaoggi.it\/website\/wp-json\/wp\/v2\/users\/18"}],"replies":[{"embeddable":true,"href":"https:\/\/www.messinaoggi.it\/website\/wp-json\/wp\/v2\/comments?post=116472"}],"version-history":[{"count":0,"href":"https:\/\/www.messinaoggi.it\/website\/wp-json\/wp\/v2\/posts\/116472\/revisions"}],"wp:featuredmedia":[{"embeddable":true,"href":"https:\/\/www.messinaoggi.it\/website\/wp-json\/wp\/v2\/media\/116473"}],"wp:attachment":[{"href":"https:\/\/www.messinaoggi.it\/website\/wp-json\/wp\/v2\/media?parent=116472"}],"wp:term":[{"taxonomy":"category","embeddable":true,"href":"https:\/\/www.messinaoggi.it\/website\/wp-json\/wp\/v2\/categories?post=116472"},{"taxonomy":"post_tag","embeddable":true,"href":"https:\/\/www.messinaoggi.it\/website\/wp-json\/wp\/v2\/tags?post=116472"}],"curies":[{"name":"wp","href":"https:\/\/api.w.org\/{rel}","templated":true}]}}